{"id":30064,"date":"2025-06-12T14:26:00","date_gmt":"2025-06-12T12:26:00","guid":{"rendered":"https:\/\/veniceredhouse.com\/?p=30064"},"modified":"2025-07-11T14:32:09","modified_gmt":"2025-07-11T12:32:09","slug":"le-sagre-da-non-perdere-a-venezia-e-isole","status":"publish","type":"post","link":"https:\/\/veniceredhouse.com\/it\/le-sagre-da-non-perdere-a-venezia-e-isole\/","title":{"rendered":"Sotto le luci della laguna: le sagre da non perdere a Venezia e isole"},"content":{"rendered":"\n<h2 class=\"wp-block-heading\"><strong>L\u2019estate delle sagre: vivere Venezia come un veneziano<\/strong><\/h2>\n\n\n\n<p>Venezia, in estate, ha mille volti. Alcuni sono noti, iconici. Altri si scoprono solo fermandosi un po\u2019 di pi\u00f9, esplorando una calle laterale o lasciandosi guidare dai suoni di una chitarra in lontananza e dal profumo di qualcosa che cuoce sul fuoco. Succede nei campi, nelle isole, nei quartieri meno turistici: \u00e8 il momento delle <strong>sagre popolari<\/strong>, feste di rione o di parrocchia che scandiscono la vita della citt\u00e0 nei mesi pi\u00f9 caldi.<\/p>\n\n\n\n<p>C\u2019\u00e8 qualcosa di speciale in queste serate. Si mangia all\u2019aperto su lunghi tavoli di legno, spesso accanto a persone mai viste prima. Si beve un bicchiere di vino locale, si ascolta musica dal vivo, ci si ritrova \u2013 veneziani e viaggiatori, a vivere la citt\u00e0 allo stesso modo, con semplicit\u00e0. Gli stand gastronomici preparano piatti della tradizione: sard\u00e8e in saor, pasta al rag\u00f9, fritture di pesce, torte fatte in casa. Ogni sagra ha la sua anima, ma tutte hanno un punto in comune: sono autentiche.<\/p>\n\n\n\n<p>Se avete in programma un soggiorno a Venezia tra giugno e settembre, ecco alcune sagre da segnare in agenda. Sono tutte raggiungibili a piedi o in vaporetto dai nostri appartamenti. Se capitate nei paraggi, fermatevi. Sar\u00e0 una delle cose che ricorderete con pi\u00f9 affetto.<\/p>\n\n\n\n<div style=\"height:20px\" aria-hidden=\"true\" class=\"wp-block-spacer\"><\/div>\n\n\n\n<h2 class=\"wp-block-heading\">Calendario 2025: le sagre da non perdere<\/h2>\n\n\n\n<div style=\"height:20px\" aria-hidden=\"true\" class=\"wp-block-spacer\"><\/div>\n\n\n\n<ul class=\"wp-block-list\">\n<li>23 &#8211; 25 Maggio: <strong>Festa dell&#8217;Anzolo Rafael<\/strong> (Campo Sant\u2019Anzolo, San Marco)<br><\/li>\n\n\n\n<li>7 &#8211; 14 Giugno 2025: <strong>Festa di Sant\u2019Antonio<\/strong> in Campo San Francesco della Vigna<br><\/li>\n\n\n\n<li>29 &#8211; 6 luglio: <strong>Festa di San Pietro in Volta<\/strong> (Pellestrina)<br><\/li>\n\n\n\n<li>4 luglio &#8211; 7 luglio: <strong>Festa Campestre<\/strong> (Murano)<br><\/li>\n\n\n\n<li>11 &#8211; 20 luglio: <strong>Sagra del Pesce<\/strong> (Chioggia)<br><\/li>\n\n\n\n<li>17 &#8211; 26 luglio: <strong>Festa di San Giacomo da l\u2019Orio <\/strong>(Santa Croce)<br><\/li>\n\n\n\n<li>26 luglio \u2013 4 agosto: <strong>Festa della Madonna dell\u2019Apparizione<\/strong> (Pellestrina)<br><\/li>\n\n\n\n<li>18 &#8211; 24 agosto: <strong>Festa del Peocio<\/strong> (Alberoni, Lido)<\/li>\n<\/ul>\n\n\n\n<div style=\"height:30px\" aria-hidden=\"true\" class=\"wp-block-spacer\"><\/div>\n\n\n\n<h2 class=\"wp-block-heading\">Profumi, luci e sapori: il giro delle sagre veneziane<\/h2>\n\n\n\n<div style=\"height:20px\" aria-hidden=\"true\" class=\"wp-block-spacer\"><\/div>\n\n\n\n<h5 class=\"wp-block-heading\"><strong>Festa de l\u2019Anzolo Rafael <\/strong><br>Una festa di quartiere che unisce musica, tavolate e solidariet\u00e0<\/h5>\n\n\n\n<p>Nel sestiere di Dorsoduro, tra le calli meno battute dal turismo, prende vita una delle feste pi\u00f9 autentiche e coinvolgenti di inizio estate: la <strong>Festa de l\u2019Anzolo Rafael<\/strong>. Organizzata dall\u2019associazione Viviamo Venezia insieme a parrocchie e realt\u00e0 locali, la sagra anima per tre giorni il <strong>Campazzo San Sebastiano<\/strong> con stand gastronomici, tavolate conviviali, musica dal vivo e un fitto programma di eventi culturali e per bambini. Si mangia all\u2019aperto, ci si siede accanto a residenti e studenti fuori sede, e si respira l\u2019atmosfera vera di un quartiere che si ritrova.<\/p>\n\n\n\n<p>Tra le particolarit\u00e0 pi\u00f9 belle di questa edizione, anche un\u2019iniziativa di <strong>solidariet\u00e0 e reinserimento sociale<\/strong>, che coinvolge persone in uscita dal carcere nell\u2019organizzazione logistica della festa. Un gesto semplice ma potente, che racconta bene lo spirito accogliente e comunitario dell\u2019evento. C\u2019\u00e8 musica country e pop italiano, teatrini per i pi\u00f9 piccoli, dibattiti tra studenti e abitanti, e una lotteria finale che chiude la festa con il sorriso. Se capitate a Venezia in quei giorni, non perdete l\u2019occasione di partecipare: \u00e8 uno dei modi pi\u00f9 sinceri per scoprire la citt\u00e0 dal suo lato pi\u00f9 umano.<\/p>\n\n\n\n<div style=\"height:20px\" aria-hidden=\"true\" class=\"wp-block-spacer\"><\/div>\n\n\n\n<h5 class=\"wp-block-heading\"><strong>Festa di Sant\u2019Antonio in Campo San Francesco della Vigna<\/strong><br>Grigliate sotto gli alberi e processioni tra le calli: l\u2019anima viva di Castello<\/h5>\n\n\n\n<p>Nel cuore pi\u00f9 autentico del sestiere di Castello, tra giardini ombreggiati e campi silenziosi, prende vita ogni anno una delle feste pi\u00f9 amate dai residenti: la <strong>Festa di Sant\u2019Antonio<\/strong>. Giunta alla sua 25\u00aa edizione, questa celebrazione riunisce associazioni locali, scout e volontari per animare per una settimana intera il Campo San Francesco della Vigna con <strong>stand gastronomici, musica dal vivo e momenti di comunit\u00e0<\/strong>.<\/p>\n\n\n\n<p>La sera del <strong>13 giugno<\/strong>, la solenne processione con la statua del santo attraversa le calli del quartiere, in un rito che conserva tutta la sua forza simbolica. Ma anche il resto della settimana ha un ritmo tutto suo: ci si incontra per una grigliata all\u2019aperto, si ascoltano band locali che suonano sul palco allestito tra gli alberi, ci si siede a tavola con i vicini, si brinda, si chiacchiera. \u00c8 una festa genuina, semplice, <strong>dove l\u2019anima veneziana si mostra senza filtri<\/strong>, e che consigliamo a chiunque voglia vivere la citt\u00e0 come un ospite, non come un turista.<\/p>\n\n\n\n<div style=\"height:20px\" aria-hidden=\"true\" class=\"wp-block-spacer\"><\/div>\n\n\n\n<h5 class=\"wp-block-heading\"><strong>Festa de San Piero a San Pietro in Volta, Pellestrina<br><\/strong>Una settimana sull\u2019isola tra devozione, fuochi e commedie in dialetto<\/h5>\n\n\n\n<p>Sull\u2019isola lunga e silenziosa di Pellestrina, dove il tempo sembra rallentare e la laguna incontra l\u2019Adriatico, <strong>la Festa de San Piero<\/strong> \u00e8 molto pi\u00f9 di una sagra: \u00e8 un appuntamento sentito e partecipato, che unisce fede, convivialit\u00e0 e spirito di comunit\u00e0. Organizzata dai volontari della parrocchia di San Pietro in Volta, la festa anima l\u2019intera settimana con <strong>stand gastronomici, spettacoli, commedie in dialetto, gare sportive e fuochi d\u2019artificio<\/strong>.<\/p>\n\n\n\n<p>Qui si assaggia la cucina tradizionale preparata dalle famiglie del posto, si ascolta musica tra le case colorate, si applaude il teatro popolare e si ritrovano insieme residenti, villeggianti e visitatori curiosi. I fondi raccolti durante la manifestazione sono destinati al restauro degli spazi dell\u2019oratorio e all\u2019acquisto di attrezzature per le attivit\u00e0 locali, mantenendo cos\u00ec vivo il tessuto sociale dell\u2019isola.<\/p>\n\n\n\n<p>Se volete scoprire una Venezia diversa, pi\u00f9 intima e profondamente umana, una sera a San Pietro in Volta durante la festa \u00e8 un\u2019esperienza che vale il viaggio.<\/p>\n\n\n\n<div style=\"height:20px\" aria-hidden=\"true\" class=\"wp-block-spacer\"><\/div>\n\n\n\n<h5 class=\"wp-block-heading\"><strong>Sagra del Pesce di Chioggia<br><\/strong>Dieci sere di mare nel piatto: Chioggia e il gusto della tradizione<\/h5>\n\n\n\n<p>Chioggia \u00e8 il cuore pulsante della pesca veneta, e ogni estate celebra questo legame profondo con il mare trasformando il suo centro storico in un grande ristorante all\u2019aperto. Dal <strong>1938<\/strong>, la <strong>Sagra del Pesce<\/strong> \u00e8 uno degli eventi folkloristici e gastronomici pi\u00f9 attesi dell\u2019estate lagunare: dieci serate di sapori, incontri, musica e convivialit\u00e0, nel pieno centro cittadino, tra calli illuminate e tavolate condivise.<\/p>\n\n\n\n<p>Dal <strong>11 al 20 luglio<\/strong>, a partire dalle 18, le cooperative locali allestiscono stand in tutto il centro: in campo Duomo, in piazza Granaio, nella zona di Vigo e lungo Corso del Popolo. Si servono i grandi classici della cucina chioggiotta: fritto misto con polenta, seppie in umido, bibarasse in cassopipa, sarde in saor e grigliate di pesce freschissimo, cucinato secondo tradizione. Non manca una <strong>cicchetteria<\/strong> per chi preferisce assaggi veloci, e anche una novit\u00e0: il concorso gastronomico \u201c<strong>El Bocon Pi B\u00f2n<\/strong>\u201d in collaborazione con Slow Food.<\/p>\n\n\n\n<p>Ogni sera, alle 21.30, il centro si anima con spettacoli gratuiti, musica e teatro, creando un\u2019atmosfera vivace e inclusiva. \u00c8 una festa che richiama oltre <strong>150.000 visitatori ogni anno<\/strong>, ma che riesce a conservare il suo spirito autentico, fatto di gesti tramandati, ingredienti semplici e una comunit\u00e0 che sa accogliere con genuinit\u00e0. Se volete assaporare <strong>il volto pi\u00f9 gustoso e popolare della laguna<\/strong>, questa \u00e8 la vostra occasione.<\/p>\n\n\n\n<div style=\"height:20px\" aria-hidden=\"true\" class=\"wp-block-spacer\"><\/div>\n\n\n\n<h5 class=\"wp-block-heading\"><strong>Festa di Beneficenza in Campo San Giacomo dall\u2019Orio<br><\/strong>Solidariet\u00e0 e musica tra i platani: la sagra che fa bene al cuore<\/h5>\n\n\n\n<p>Nel cuore del sestiere di Santa Croce, sotto i platani di uno dei campi pi\u00f9 amati dai veneziani, ogni estate si rinnova una tradizione che unisce festa e solidariet\u00e0: la <strong>Festa di Beneficenza di San Giacomo dall\u2019Orio<\/strong>, attiva dal <strong>1965<\/strong> grazie al lavoro instancabile dei volontari della Societ\u00e0 San Giacomo Benefica ODV.<\/p>\n\n\n\n<p>Nata dal gesto semplice e generoso di un gruppo di amici, che decisero di aiutare i bambini ricoverati all\u2019Ospedale di Santa Maria del Mare, questa sagra continua a <strong>sostenere progetti sociali e sanitari<\/strong> destinando i proventi a famiglie in difficolt\u00e0, strutture ospedaliere e organizzazioni del territorio.<\/p>\n\n\n\n<p>Durante i dieci giorni di festa, Campo San Giacomo si riempie di tavoli, luci e voci. Ci sono <strong>stand gastronomici<\/strong> sempre attivi, <strong>musica dal vivo<\/strong>, <strong>tombole<\/strong>, pesca di beneficenza e una comunit\u00e0 intera che si ritrova. \u00c8 una delle occasioni pi\u00f9 sincere per vivere Venezia come la vivono i suoi abitanti: tra un piatto di pasta al rag\u00f9, una chiacchiera con i vicini e il piacere di fare del bene insieme. Se siete in citt\u00e0, passare una serata qui \u00e8 un piccolo regalo da fare a s\u00e9 stessi e agli altri.<\/p>\n\n\n\n<div style=\"height:20px\" aria-hidden=\"true\" class=\"wp-block-spacer\"><\/div>\n\n\n\n<h5 class=\"wp-block-heading\"><strong>Festa della Madonna dell\u2019Apparizione a Pellestrina<\/strong><br>Un\u2019isola in festa tra fede, regate e piatti della tradizione<\/h5>\n\n\n\n<p>Pellestrina, l\u2019isola sottile che separa la laguna dal mare, accoglie ogni estate una delle feste pi\u00f9 sentite e partecipate dell\u2019intero arcipelago veneziano: la <strong>Festa della Madonna dell\u2019Apparizione<\/strong>, che culmina il <strong>4 agosto<\/strong>, giorno della ricorrenza. Organizzata dalla <strong>Parrocchia di Ognissanti<\/strong>, la festa unisce fede e comunit\u00e0 in un programma che si snoda per pi\u00f9 di una settimana, tra <strong>momenti religiosi, conviviali, musica, sport e gastronomia<\/strong>.<\/p>\n\n\n\n<p>Dal <strong>26 luglio<\/strong>, ogni sera il cuore dell\u2019isola si anima: cene sotto le stelle, spettacoli, incontri tra generazioni e il tradizionale <strong>pellegrinaggio alla Madonna<\/strong>, previsto per il <strong>29 luglio<\/strong>. Il <strong>31 luglio e 1 agosto<\/strong> lo stand gastronomico apre per cena, mentre nei giorni centrali \u2013 <strong>2, 3 e 4 agosto<\/strong> \u2013 si pu\u00f2 pranzare e cenare all\u2019aperto, gustando la cucina locale preparata dai volontari del posto. La sera del <strong>4 agosto<\/strong>, il gran finale con <strong>l\u2019estrazione della lotteria<\/strong> e <strong>i fuochi d\u2019artificio<\/strong> che illuminano la laguna.<\/p>\n\n\n\n<p>Durante i festeggiamenti si tiene anche la <strong>Regata di Pellestrina<\/strong>, con arrivo davanti al santuario della Madonna, parte della <strong>Stagione Remiera Veneziana 2025<\/strong>: un momento di sport e tradizione che completa l\u2019esperienza di una festa autentica e profonda, capace di far scoprire un\u2019isola ancora legata ai suoi riti, alla sua gente e alla sua devozione.<\/p>\n\n\n\n<div style=\"height:20px\" aria-hidden=\"true\" class=\"wp-block-spacer\"><\/div>\n\n\n\n<h5 class=\"wp-block-heading\"><strong>Festa del Peocio agli Alberoni, Lido di Venezia<\/strong><br>Cozze, tramonti e racconti di mare: l\u2019estate agli Alberoni ha un altro sapore<\/h5>\n\n\n\n<p>Nel cuore dell\u2019estate, gli <strong>Alberoni<\/strong>, all\u2019estremit\u00e0 meridionale del Lido di Venezia, diventano teatro di una delle feste pi\u00f9 amate e vivaci della laguna: la <strong>Festa del Peocio<\/strong>, dedicata al sapore pi\u00f9 semplice e verace della cucina veneziana \u2013 le <strong>cozze<\/strong> (\u201cpeoci\u201d in dialetto). Dal <strong>18 al 24 agosto<\/strong>, la spiaggia degli Alberoni si anima di <strong>profumi, musica, risate e tavolate condivise<\/strong>, in un\u2019atmosfera autenticamente popolare.<\/p>\n\n\n\n<p>Organizzata dall\u2019<strong>Associazione Alberoni<\/strong> in collaborazione con realt\u00e0 locali, la festa offre ogni giorno <strong>stand gastronomici<\/strong>, <strong>giostre<\/strong>, <strong>musica dal vivo<\/strong> e <strong>tornei sportivi<\/strong>. Il momento clou? La <strong>cena al chiosco Macondo<\/strong> del <strong>19 agosto<\/strong>, interamente dedicata ai peoci, da gustare con i piedi nella sabbia e il tramonto alle spalle (prenotazione obbligatoria). Il <strong>21 agosto<\/strong>, alle ore 18, \u00e8 prevista anche una <strong>visita guidata<\/strong> \u201c<strong>sulle tracce della storia degli Alberoni<\/strong>\u201d, perfetta per scoprire il volto meno noto di questa zona sospesa tra mare e laguna.<\/p>\n\n\n\n<p>E per i pi\u00f9 dinamici, da non perdere l\u2019<strong>Albe-run-ada<\/strong>, corsa non competitiva tra calli e pinete, prima di rifocillarsi con un piatto di <strong>pasta coi peoci o cozze saltate<\/strong>, servite anche presso l\u2019Oasi delle Dune. \u00c8 una festa che sa unire la leggerezza dell\u2019estate al sapore della tradizione, il tutto in uno degli angoli pi\u00f9 autentici e rilassati del Lido.<\/p>\n\n\n\n<div style=\"height:30px\" aria-hidden=\"true\" class=\"wp-block-spacer\"><\/div>\n\n\n\n<h2 class=\"wp-block-heading\"><strong>Un invito a sedersi (letteralmente)<\/strong><\/h2>\n\n\n\n<p>Le sagre sono aperte a tutti. Basta avvicinarsi, scegliere cosa mangiare allo stand (i prezzi sono popolari), prendere il proprio vassoio e cercare un posto a sedere. Spesso si finisce per condividere il tavolo con altri, scambiando due parole anche tra lingue diverse. \u00c8 proprio questo lo spirito della festa.<\/p>\n\n\n\n<p>Se siete curiosi di partecipare a una di queste sagre durante il vostro soggiorno, scriveteci: saremo felici di consigliarvi e darvi informazioni a riguardo, e suggerirvi quella che vi far\u00e0 scoprire un lato di Venezia che in pochi conoscono.<\/p>\n\n\n\n<p>Perch\u00e9, a Venezia, anche una semplice cena in campo pu\u00f2 diventare indimenticabile.<\/p>\n","protected":false},"excerpt":{"rendered":"<p>L\u2019estate delle sagre: vivere Venezia come un veneziano Venezia, in estate, ha mille volti. Alcuni sono noti, iconici. Altri si scoprono solo fermandosi un po\u2019 di pi\u00f9, esplorando una calle laterale o lasciandosi guidare dai suoni di una chitarra in lontananza e dal profumo di qualcosa che cuoce sul fuoco. Succede nei campi, nelle isole, [&hellip;]<\/p>\n","protected":false},"author":9,"featured_media":30080,"comment_status":"closed","ping_status":"closed","sticky":false,"template":"","format":"standard","meta":{"inline_featured_image":false,"_genesis_hide_title":false,"_genesis_hide_breadcrumbs":false,"_genesis_hide_singular_image":false,"_genesis_hide_footer_widgets":false,"_genesis_custom_body_class":"","_genesis_custom_post_class":"","_genesis_layout":"","footnotes":""},"categories":[79,84,36],"tags":[],"class_list":{"0":"post-30064","1":"post","2":"type-post","3":"status-publish","4":"format-standard","5":"has-post-thumbnail","7":"category-esperienze-autentiche","8":"category-eventi-cultura","9":"category-our-venice-fr-it","10":"entry"},"yoast_head":"<!-- This site is optimized with the Yoast SEO plugin v25.4 - https:\/\/yoast.com\/wordpress\/plugins\/seo\/ -->\n<title>Sotto le luci della laguna: le sagre da non perdere a Venezia e isole - Red House Company<\/title>\n<meta name=\"robots\" content=\"index, follow, max-snippet:-1, max-image-preview:large, max-video-preview:-1\" \/>\n<link rel=\"canonical\" href=\"https:\/\/veniceredhouse.com\/it\/le-sagre-da-non-perdere-a-venezia-e-isole\/\" \/>\n<meta property=\"og:locale\" content=\"it_IT\" \/>\n<meta property=\"og:type\" content=\"article\" \/>\n<meta property=\"og:title\" content=\"Sotto le luci della laguna: le sagre da non perdere a Venezia e isole - Red House Company\" \/>\n<meta property=\"og:description\" content=\"L\u2019estate delle sagre: vivere Venezia come un veneziano Venezia, in estate, ha mille volti. Alcuni sono noti, iconici. Altri si scoprono solo fermandosi un po\u2019 di pi\u00f9, esplorando una calle laterale o lasciandosi guidare dai suoni di una chitarra in lontananza e dal profumo di qualcosa che cuoce sul fuoco. Succede nei campi, nelle isole, [&hellip;]\" \/>\n<meta property=\"og:url\" content=\"https:\/\/veniceredhouse.com\/it\/le-sagre-da-non-perdere-a-venezia-e-isole\/\" \/>\n<meta property=\"og:site_name\" content=\"Red House Company\" \/>\n<meta property=\"article:published_time\" content=\"2025-06-12T12:26:00+00:00\" \/>\n<meta property=\"article:modified_time\" content=\"2025-07-11T12:32:09+00:00\" \/>\n<meta property=\"og:image\" content=\"https:\/\/veniceredhouse.com\/wp-content\/uploads\/2025\/07\/sagre_venezia.webp\" \/>\n\t<meta property=\"og:image:width\" content=\"1024\" \/>\n\t<meta property=\"og:image:height\" content=\"683\" \/>\n\t<meta property=\"og:image:type\" content=\"image\/webp\" \/>\n<meta name=\"author\" content=\"marco malafante\" \/>\n<meta name=\"twitter:card\" content=\"summary_large_image\" \/>\n<meta name=\"twitter:label1\" content=\"Scritto da\" \/>\n\t<meta name=\"twitter:data1\" content=\"marco malafante\" \/>\n\t<meta name=\"twitter:label2\" content=\"Tempo di lettura stimato\" \/>\n\t<meta name=\"twitter:data2\" content=\"9 minuti\" \/>\n<script type=\"application\/ld+json\" class=\"yoast-schema-graph\">{\"@context\":\"https:\/\/schema.org\",\"@graph\":[{\"@type\":\"Article\",\"@id\":\"https:\/\/veniceredhouse.com\/it\/le-sagre-da-non-perdere-a-venezia-e-isole\/#article\",\"isPartOf\":{\"@id\":\"https:\/\/veniceredhouse.com\/it\/le-sagre-da-non-perdere-a-venezia-e-isole\/\"},\"author\":{\"name\":\"marco malafante\",\"@id\":\"https:\/\/veniceredhouse.com\/it\/#\/schema\/person\/21acc1045f2f461ce34ed5825f7bbe5d\"},\"headline\":\"Sotto le luci della laguna: le sagre da non perdere a Venezia e isole\",\"datePublished\":\"2025-06-12T12:26:00+00:00\",\"dateModified\":\"2025-07-11T12:32:09+00:00\",\"mainEntityOfPage\":{\"@id\":\"https:\/\/veniceredhouse.com\/it\/le-sagre-da-non-perdere-a-venezia-e-isole\/\"},\"wordCount\":1878,\"publisher\":{\"@id\":\"https:\/\/veniceredhouse.com\/it\/#organization\"},\"image\":{\"@id\":\"https:\/\/veniceredhouse.com\/it\/le-sagre-da-non-perdere-a-venezia-e-isole\/#primaryimage\"},\"thumbnailUrl\":\"https:\/\/veniceredhouse.com\/wp-content\/uploads\/2025\/07\/sagre_venezia.webp\",\"articleSection\":[\"Esperienze Autentiche\",\"Eventi e cultura\",\"Our Venice\"],\"inLanguage\":\"it-IT\"},{\"@type\":\"WebPage\",\"@id\":\"https:\/\/veniceredhouse.com\/it\/le-sagre-da-non-perdere-a-venezia-e-isole\/\",\"url\":\"https:\/\/veniceredhouse.com\/it\/le-sagre-da-non-perdere-a-venezia-e-isole\/\",\"name\":\"Sotto le luci della laguna: le sagre da non perdere a Venezia e isole - Red House Company\",\"isPartOf\":{\"@id\":\"https:\/\/veniceredhouse.com\/it\/#website\"},\"primaryImageOfPage\":{\"@id\":\"https:\/\/veniceredhouse.com\/it\/le-sagre-da-non-perdere-a-venezia-e-isole\/#primaryimage\"},\"image\":{\"@id\":\"https:\/\/veniceredhouse.com\/it\/le-sagre-da-non-perdere-a-venezia-e-isole\/#primaryimage\"},\"thumbnailUrl\":\"https:\/\/veniceredhouse.com\/wp-content\/uploads\/2025\/07\/sagre_venezia.webp\",\"datePublished\":\"2025-06-12T12:26:00+00:00\",\"dateModified\":\"2025-07-11T12:32:09+00:00\",\"breadcrumb\":{\"@id\":\"https:\/\/veniceredhouse.com\/it\/le-sagre-da-non-perdere-a-venezia-e-isole\/#breadcrumb\"},\"inLanguage\":\"it-IT\",\"potentialAction\":[{\"@type\":\"ReadAction\",\"target\":[\"https:\/\/veniceredhouse.com\/it\/le-sagre-da-non-perdere-a-venezia-e-isole\/\"]}]},{\"@type\":\"ImageObject\",\"inLanguage\":\"it-IT\",\"@id\":\"https:\/\/veniceredhouse.com\/it\/le-sagre-da-non-perdere-a-venezia-e-isole\/#primaryimage\",\"url\":\"https:\/\/veniceredhouse.com\/wp-content\/uploads\/2025\/07\/sagre_venezia.webp\",\"contentUrl\":\"https:\/\/veniceredhouse.com\/wp-content\/uploads\/2025\/07\/sagre_venezia.webp\",\"width\":1024,\"height\":683},{\"@type\":\"BreadcrumbList\",\"@id\":\"https:\/\/veniceredhouse.com\/it\/le-sagre-da-non-perdere-a-venezia-e-isole\/#breadcrumb\",\"itemListElement\":[{\"@type\":\"ListItem\",\"position\":1,\"name\":\"Home\",\"item\":\"https:\/\/veniceredhouse.com\/it\/\"},{\"@type\":\"ListItem\",\"position\":2,\"name\":\"Sotto le luci della laguna: le sagre da non perdere a Venezia e isole\"}]},{\"@type\":\"WebSite\",\"@id\":\"https:\/\/veniceredhouse.com\/it\/#website\",\"url\":\"https:\/\/veniceredhouse.com\/it\/\",\"name\":\"Red House Company\",\"description\":\"Rent Apartments in Venice\",\"publisher\":{\"@id\":\"https:\/\/veniceredhouse.com\/it\/#organization\"},\"potentialAction\":[{\"@type\":\"SearchAction\",\"target\":{\"@type\":\"EntryPoint\",\"urlTemplate\":\"https:\/\/veniceredhouse.com\/it\/?s={search_term_string}\"},\"query-input\":{\"@type\":\"PropertyValueSpecification\",\"valueRequired\":true,\"valueName\":\"search_term_string\"}}],\"inLanguage\":\"it-IT\"},{\"@type\":\"Organization\",\"@id\":\"https:\/\/veniceredhouse.com\/it\/#organization\",\"name\":\"Red House Company\",\"url\":\"https:\/\/veniceredhouse.com\/it\/\",\"logo\":{\"@type\":\"ImageObject\",\"inLanguage\":\"it-IT\",\"@id\":\"https:\/\/veniceredhouse.com\/it\/#\/schema\/logo\/image\/\",\"url\":\"https:\/\/veniceredhouse.com\/wp-content\/uploads\/2019\/07\/Logo_The-Red-House-Company.png\",\"contentUrl\":\"https:\/\/veniceredhouse.com\/wp-content\/uploads\/2019\/07\/Logo_The-Red-House-Company.png\",\"width\":440,\"height\":200,\"caption\":\"Red House Company\"},\"image\":{\"@id\":\"https:\/\/veniceredhouse.com\/it\/#\/schema\/logo\/image\/\"}},{\"@type\":\"Person\",\"@id\":\"https:\/\/veniceredhouse.com\/it\/#\/schema\/person\/21acc1045f2f461ce34ed5825f7bbe5d\",\"name\":\"marco malafante\",\"image\":{\"@type\":\"ImageObject\",\"inLanguage\":\"it-IT\",\"@id\":\"https:\/\/veniceredhouse.com\/it\/#\/schema\/person\/image\/\",\"url\":\"https:\/\/secure.gravatar.com\/avatar\/e14bc2f875fe82dd4f52bb88d4ca9a47?s=96&d=mm&r=g\",\"contentUrl\":\"https:\/\/secure.gravatar.com\/avatar\/e14bc2f875fe82dd4f52bb88d4ca9a47?s=96&d=mm&r=g\",\"caption\":\"marco malafante\"}}]}<\/script>\n<!-- \/ Yoast SEO plugin. -->","yoast_head_json":{"title":"Sotto le luci della laguna: le sagre da non perdere a Venezia e isole - Red House Company","robots":{"index":"index","follow":"follow","max-snippet":"max-snippet:-1","max-image-preview":"max-image-preview:large","max-video-preview":"max-video-preview:-1"},"canonical":"https:\/\/veniceredhouse.com\/it\/le-sagre-da-non-perdere-a-venezia-e-isole\/","og_locale":"it_IT","og_type":"article","og_title":"Sotto le luci della laguna: le sagre da non perdere a Venezia e isole - Red House Company","og_description":"L\u2019estate delle sagre: vivere Venezia come un veneziano Venezia, in estate, ha mille volti. Alcuni sono noti, iconici. Altri si scoprono solo fermandosi un po\u2019 di pi\u00f9, esplorando una calle laterale o lasciandosi guidare dai suoni di una chitarra in lontananza e dal profumo di qualcosa che cuoce sul fuoco. Succede nei campi, nelle isole, [&hellip;]","og_url":"https:\/\/veniceredhouse.com\/it\/le-sagre-da-non-perdere-a-venezia-e-isole\/","og_site_name":"Red House Company","article_published_time":"2025-06-12T12:26:00+00:00","article_modified_time":"2025-07-11T12:32:09+00:00","og_image":[{"width":1024,"height":683,"url":"https:\/\/veniceredhouse.com\/wp-content\/uploads\/2025\/07\/sagre_venezia.webp","type":"image\/webp"}],"author":"marco malafante","twitter_card":"summary_large_image","twitter_misc":{"Scritto da":"marco malafante","Tempo di lettura stimato":"9 minuti"},"schema":{"@context":"https:\/\/schema.org","@graph":[{"@type":"Article","@id":"https:\/\/veniceredhouse.com\/it\/le-sagre-da-non-perdere-a-venezia-e-isole\/#article","isPartOf":{"@id":"https:\/\/veniceredhouse.com\/it\/le-sagre-da-non-perdere-a-venezia-e-isole\/"},"author":{"name":"marco malafante","@id":"https:\/\/veniceredhouse.com\/it\/#\/schema\/person\/21acc1045f2f461ce34ed5825f7bbe5d"},"headline":"Sotto le luci della laguna: le sagre da non perdere a Venezia e isole","datePublished":"2025-06-12T12:26:00+00:00","dateModified":"2025-07-11T12:32:09+00:00","mainEntityOfPage":{"@id":"https:\/\/veniceredhouse.com\/it\/le-sagre-da-non-perdere-a-venezia-e-isole\/"},"wordCount":1878,"publisher":{"@id":"https:\/\/veniceredhouse.com\/it\/#organization"},"image":{"@id":"https:\/\/veniceredhouse.com\/it\/le-sagre-da-non-perdere-a-venezia-e-isole\/#primaryimage"},"thumbnailUrl":"https:\/\/veniceredhouse.com\/wp-content\/uploads\/2025\/07\/sagre_venezia.webp","articleSection":["Esperienze Autentiche","Eventi e cultura","Our Venice"],"inLanguage":"it-IT"},{"@type":"WebPage","@id":"https:\/\/veniceredhouse.com\/it\/le-sagre-da-non-perdere-a-venezia-e-isole\/","url":"https:\/\/veniceredhouse.com\/it\/le-sagre-da-non-perdere-a-venezia-e-isole\/","name":"Sotto le luci della laguna: le sagre da non perdere a Venezia e isole - Red House Company","isPartOf":{"@id":"https:\/\/veniceredhouse.com\/it\/#website"},"primaryImageOfPage":{"@id":"https:\/\/veniceredhouse.com\/it\/le-sagre-da-non-perdere-a-venezia-e-isole\/#primaryimage"},"image":{"@id":"https:\/\/veniceredhouse.com\/it\/le-sagre-da-non-perdere-a-venezia-e-isole\/#primaryimage"},"thumbnailUrl":"https:\/\/veniceredhouse.com\/wp-content\/uploads\/2025\/07\/sagre_venezia.webp","datePublished":"2025-06-12T12:26:00+00:00","dateModified":"2025-07-11T12:32:09+00:00","breadcrumb":{"@id":"https:\/\/veniceredhouse.com\/it\/le-sagre-da-non-perdere-a-venezia-e-isole\/#breadcrumb"},"inLanguage":"it-IT","potentialAction":[{"@type":"ReadAction","target":["https:\/\/veniceredhouse.com\/it\/le-sagre-da-non-perdere-a-venezia-e-isole\/"]}]},{"@type":"ImageObject","inLanguage":"it-IT","@id":"https:\/\/veniceredhouse.com\/it\/le-sagre-da-non-perdere-a-venezia-e-isole\/#primaryimage","url":"https:\/\/veniceredhouse.com\/wp-content\/uploads\/2025\/07\/sagre_venezia.webp","contentUrl":"https:\/\/veniceredhouse.com\/wp-content\/uploads\/2025\/07\/sagre_venezia.webp","width":1024,"height":683},{"@type":"BreadcrumbList","@id":"https:\/\/veniceredhouse.com\/it\/le-sagre-da-non-perdere-a-venezia-e-isole\/#breadcrumb","itemListElement":[{"@type":"ListItem","position":1,"name":"Home","item":"https:\/\/veniceredhouse.com\/it\/"},{"@type":"ListItem","position":2,"name":"Sotto le luci della laguna: le sagre da non perdere a Venezia e isole"}]},{"@type":"WebSite","@id":"https:\/\/veniceredhouse.com\/it\/#website","url":"https:\/\/veniceredhouse.com\/it\/","name":"Red House Company","description":"Rent Apartments in Venice","publisher":{"@id":"https:\/\/veniceredhouse.com\/it\/#organization"},"potentialAction":[{"@type":"SearchAction","target":{"@type":"EntryPoint","urlTemplate":"https:\/\/veniceredhouse.com\/it\/?s={search_term_string}"},"query-input":{"@type":"PropertyValueSpecification","valueRequired":true,"valueName":"search_term_string"}}],"inLanguage":"it-IT"},{"@type":"Organization","@id":"https:\/\/veniceredhouse.com\/it\/#organization","name":"Red House Company","url":"https:\/\/veniceredhouse.com\/it\/","logo":{"@type":"ImageObject","inLanguage":"it-IT","@id":"https:\/\/veniceredhouse.com\/it\/#\/schema\/logo\/image\/","url":"https:\/\/veniceredhouse.com\/wp-content\/uploads\/2019\/07\/Logo_The-Red-House-Company.png","contentUrl":"https:\/\/veniceredhouse.com\/wp-content\/uploads\/2019\/07\/Logo_The-Red-House-Company.png","width":440,"height":200,"caption":"Red House Company"},"image":{"@id":"https:\/\/veniceredhouse.com\/it\/#\/schema\/logo\/image\/"}},{"@type":"Person","@id":"https:\/\/veniceredhouse.com\/it\/#\/schema\/person\/21acc1045f2f461ce34ed5825f7bbe5d","name":"marco malafante","image":{"@type":"ImageObject","inLanguage":"it-IT","@id":"https:\/\/veniceredhouse.com\/it\/#\/schema\/person\/image\/","url":"https:\/\/secure.gravatar.com\/avatar\/e14bc2f875fe82dd4f52bb88d4ca9a47?s=96&d=mm&r=g","contentUrl":"https:\/\/secure.gravatar.com\/avatar\/e14bc2f875fe82dd4f52bb88d4ca9a47?s=96&d=mm&r=g","caption":"marco malafante"}}]}},"_links":{"self":[{"href":"https:\/\/veniceredhouse.com\/it\/wp-json\/wp\/v2\/posts\/30064"}],"collection":[{"href":"https:\/\/veniceredhouse.com\/it\/wp-json\/wp\/v2\/posts"}],"about":[{"href":"https:\/\/veniceredhouse.com\/it\/wp-json\/wp\/v2\/types\/post"}],"author":[{"embeddable":true,"href":"https:\/\/veniceredhouse.com\/it\/wp-json\/wp\/v2\/users\/9"}],"replies":[{"embeddable":true,"href":"https:\/\/veniceredhouse.com\/it\/wp-json\/wp\/v2\/comments?post=30064"}],"version-history":[{"count":4,"href":"https:\/\/veniceredhouse.com\/it\/wp-json\/wp\/v2\/posts\/30064\/revisions"}],"predecessor-version":[{"id":30085,"href":"https:\/\/veniceredhouse.com\/it\/wp-json\/wp\/v2\/posts\/30064\/revisions\/30085"}],"wp:featuredmedia":[{"embeddable":true,"href":"https:\/\/veniceredhouse.com\/it\/wp-json\/wp\/v2\/media\/30080"}],"wp:attachment":[{"href":"https:\/\/veniceredhouse.com\/it\/wp-json\/wp\/v2\/media?parent=30064"}],"wp:term":[{"taxonomy":"category","embeddable":true,"href":"https:\/\/veniceredhouse.com\/it\/wp-json\/wp\/v2\/categories?post=30064"},{"taxonomy":"post_tag","embeddable":true,"href":"https:\/\/veniceredhouse.com\/it\/wp-json\/wp\/v2\/tags?post=30064"}],"curies":[{"name":"wp","href":"https:\/\/api.w.org\/{rel}","templated":true}]}}