{"id":29861,"date":"2025-05-12T12:01:25","date_gmt":"2025-05-12T10:01:25","guid":{"rendered":"https:\/\/veniceredhouse.com\/?p=29861"},"modified":"2025-05-12T12:07:37","modified_gmt":"2025-05-12T10:07:37","slug":"la-festa-della-sensa","status":"publish","type":"post","link":"https:\/\/veniceredhouse.com\/it\/la-festa-della-sensa\/","title":{"rendered":"La Festa della Sensa: il giorno in cui Venezia sposa il mare"},"content":{"rendered":"\n<p>Ogni citt\u00e0 ha la sua festa. Ma a Venezia, le feste non sono solo tradizioni: sono memorie vive, rituali che continuano a parlare al presente.<br>Tra queste, la Festa della Sensa \u00e8 forse la pi\u00f9 simbolica, la pi\u00f9 profondamente veneziana. Non solo perch\u00e9 si celebra sull\u2019acqua, ma perch\u00e9 rievoca ci\u00f2 che pi\u00f9 di ogni altra cosa definisce questa citt\u00e0: il suo legame indissolubile con il mare.<\/p>\n\n\n\n<div style=\"height:30px\" aria-hidden=\"true\" class=\"wp-block-spacer\"><\/div>\n\n\n\n<h2 class=\"wp-block-heading\">Un rito che attraversa i secoli<\/h2>\n\n\n\n<p>La Sensa si celebra ogni anno nel giorno dell\u2019<strong>Ascensione<\/strong>, che in veneziano si dice appunto <em>Sensa<\/em>. La storia ci riporta al <strong>9 maggio dell\u2019anno 1000<\/strong>, quando il doge Pietro II Orseolo guid\u00f2 una spedizione per proteggere le popolazioni della Dalmazia, minacciate dalle incursioni slave. Fu un\u2019azione politica e militare, ma anche un atto di visione: segn\u00f2 l\u2019inizio della supremazia veneziana sull\u2019Adriatico.<\/p>\n\n\n\n<p>Due secoli pi\u00f9 tardi, nel <strong>1177<\/strong>, un altro doge, Sebastiano Ziani, accolse a Venezia Papa Alessandro III e l\u2019imperatore Federico Barbarossa. Fu un momento storico: tra le calli e i canali si firm\u00f2 una <strong>pace solenne<\/strong> che mise fine a una lunga disputa tra Papato e Impero. E fu proprio in quell\u2019occasione che il Papa, per celebrare la centralit\u00e0 diplomatica di Venezia, don\u00f2 al Doge un anello. Un oggetto semplice, ma carico di significato: <strong>un anello nuziale<\/strong>.<\/p>\n\n\n\n<p>Da quel gesto nacque la cerimonia pi\u00f9 suggestiva della Repubblica: il <strong>matrimonio mistico tra Venezia e il mare<\/strong>.<\/p>\n\n\n\n<div style=\"height:30px\" aria-hidden=\"true\" class=\"wp-block-spacer\"><\/div>\n\n\n\n<h2 class=\"wp-block-heading\">Il giorno del matrimonio<\/h2>\n\n\n\n<p>Nel giorno dell\u2019Ascensione, il Doge saliva a bordo del maestoso <strong>Bucintoro<\/strong>, accompagnato da senatori, ambasciatori, musici e rematori. La cerimonia era curata nei minimi dettagli: il Doge indossava il manto d\u2019oro, il corno ducale, le calze rosse e i calzari preziosi. Si salpava verso la bocca di porto del Lido, dove il vescovo di Castello benediceva il mare con acqua santa, sale e un ramo d\u2019ulivo. Poi, nel silenzio solenne della laguna, il Doge lanciava in acqua un anello d\u2019oro, pronunciando la formula latina:<\/p>\n\n\n\n<div style=\"height:10px\" aria-hidden=\"true\" class=\"wp-block-spacer\"><\/div>\n\n\n\n<p><em>\u00abDesponsamus te, mare. In signum veri perpetuique dominii\u00bb<\/em><br><em>\u201cTi sposiamo, o mare, in segno di vero e perpetuo dominio\u201d<\/em><\/p>\n\n\n\n<div style=\"height:10px\" aria-hidden=\"true\" class=\"wp-block-spacer\"><\/div>\n\n\n\n<p>Era un gesto di potere, certo, ma anche un atto di riconoscenza. Perch\u00e9 senza il mare, Venezia non sarebbe mai nata. E senza il mare, non sarebbe mai diventata Venezia.<\/p>\n\n\n\n<div style=\"height:30px\" aria-hidden=\"true\" class=\"wp-block-spacer\"><\/div>\n\n\n\n<h2 class=\"wp-block-heading\">La Sensa oggi<\/h2>\n\n\n\n<p>Molto \u00e8 cambiato, ma la bellezza del rito \u00e8 rimasta intatta. Oggi, a rinnovarlo, \u00e8 la citt\u00e0 stessa: il <strong>Comitato Festa della Sensa<\/strong>, insieme al <strong>Coordinamento delle Associazioni Remiere di Voga alla Veneta<\/strong>, da oltre venticinque anni fa rivivere questo momento unico.<\/p>\n\n\n\n<p>Il corteo parte da San Marco. In testa c\u2019\u00e8 la \u201c<strong>Serenissima<\/strong>\u201d, l\u2019imbarcazione che prende il posto del Bucintoro, su cui salgono il sindaco e le autorit\u00e0 cittadine. Seguono <strong>decine di barche a remi<\/strong>, condotte da vogatori in abiti tradizionali, che scivolano sull\u2019acqua in un silenzio che sa di rispetto.<\/p>\n\n\n\n<p>\u00c8 una Venezia che si guarda allo specchio, che si riconosce. E che si racconta non con parole, ma con gesti: lenti, precisi, profondi. Nessuna finzione, nessuna teatralit\u00e0. Solo una citt\u00e0 che, per un giorno, torna a essere ci\u00f2 che \u00e8 sempre stata.<\/p>\n\n\n\n<div style=\"height:30px\" aria-hidden=\"true\" class=\"wp-block-spacer\"><\/div>\n\n\n\n<h2 class=\"wp-block-heading\">Un invito a guardare da vicino<\/h2>\n\n\n\n<p>Per chi visita Venezia, assistere alla Sensa \u00e8 un privilegio. Non \u00e8 un evento che si trova sulle guide turistiche o nei programmi dei grandi tour: \u00e8 <strong>una festa di chi la citt\u00e0 la vive e la ama<\/strong>, un appuntamento che scivola via senza clamore, ma che lascia una traccia profonda in chi ha la fortuna di esserci.<\/p>\n\n\n\n<p><strong>Il consiglio?<\/strong> Svegliarsi presto. Raggiungere le rive di San Marco o il pontile del Lido. Ascoltare il suono dei remi, osservare le barche che avanzano, leggere nei volti dei vogatori la fierezza di chi custodisce un\u2019eredit\u00e0 antica. E poi, nel momento in cui l\u2019anello tocca l\u2019acqua, lasciarsi attraversare dal pensiero che \u2013 almeno per un istante \u2013 <strong>il tempo a Venezia pu\u00f2 davvero fermarsi<\/strong>.<\/p>\n\n\n\n<p><\/p>\n","protected":false},"excerpt":{"rendered":"<p>Ogni citt\u00e0 ha la sua festa. Ma a Venezia, le feste non sono solo tradizioni: sono memorie vive, rituali che continuano a parlare al presente.Tra queste, la Festa della Sensa \u00e8 forse la pi\u00f9 simbolica, la pi\u00f9 profondamente veneziana. Non solo perch\u00e9 si celebra sull\u2019acqua, ma perch\u00e9 rievoca ci\u00f2 che pi\u00f9 di ogni altra cosa [&hellip;]<\/p>\n","protected":false},"author":9,"featured_media":29862,"comment_status":"closed","ping_status":"closed","sticky":false,"template":"","format":"standard","meta":{"inline_featured_image":false,"_genesis_hide_title":false,"_genesis_hide_breadcrumbs":false,"_genesis_hide_singular_image":false,"_genesis_hide_footer_widgets":false,"_genesis_custom_body_class":"","_genesis_custom_post_class":"","_genesis_layout":"","footnotes":""},"categories":[84,36],"tags":[],"class_list":{"0":"post-29861","1":"post","2":"type-post","3":"status-publish","4":"format-standard","5":"has-post-thumbnail","7":"category-eventi-cultura","8":"category-our-venice-fr-it","9":"entry"},"yoast_head":"<!-- This site is optimized with the Yoast SEO plugin v25.4 - https:\/\/yoast.com\/wordpress\/plugins\/seo\/ -->\n<title>La Festa della Sensa: il giorno in cui Venezia sposa il mare - Red House Company<\/title>\n<meta name=\"robots\" content=\"index, follow, max-snippet:-1, max-image-preview:large, max-video-preview:-1\" \/>\n<link rel=\"canonical\" href=\"https:\/\/veniceredhouse.com\/it\/la-festa-della-sensa\/\" \/>\n<meta property=\"og:locale\" content=\"it_IT\" \/>\n<meta property=\"og:type\" content=\"article\" \/>\n<meta property=\"og:title\" content=\"La Festa della Sensa: il giorno in cui Venezia sposa il mare - Red House Company\" \/>\n<meta property=\"og:description\" content=\"Ogni citt\u00e0 ha la sua festa. Ma a Venezia, le feste non sono solo tradizioni: sono memorie vive, rituali che continuano a parlare al presente.Tra queste, la Festa della Sensa \u00e8 forse la pi\u00f9 simbolica, la pi\u00f9 profondamente veneziana. Non solo perch\u00e9 si celebra sull\u2019acqua, ma perch\u00e9 rievoca ci\u00f2 che pi\u00f9 di ogni altra cosa [&hellip;]\" \/>\n<meta property=\"og:url\" content=\"https:\/\/veniceredhouse.com\/it\/la-festa-della-sensa\/\" \/>\n<meta property=\"og:site_name\" content=\"Red House Company\" \/>\n<meta property=\"article:published_time\" content=\"2025-05-12T10:01:25+00:00\" \/>\n<meta property=\"article:modified_time\" content=\"2025-05-12T10:07:37+00:00\" \/>\n<meta property=\"og:image\" content=\"https:\/\/veniceredhouse.com\/wp-content\/uploads\/2025\/05\/Festa_della_sensa.jpg\" \/>\n\t<meta property=\"og:image:width\" content=\"2048\" \/>\n\t<meta property=\"og:image:height\" content=\"1362\" \/>\n\t<meta property=\"og:image:type\" content=\"image\/jpeg\" \/>\n<meta name=\"author\" content=\"marco malafante\" \/>\n<meta name=\"twitter:card\" content=\"summary_large_image\" \/>\n<meta name=\"twitter:label1\" content=\"Scritto da\" \/>\n\t<meta name=\"twitter:data1\" content=\"marco malafante\" \/>\n\t<meta name=\"twitter:label2\" content=\"Tempo di lettura stimato\" \/>\n\t<meta name=\"twitter:data2\" content=\"3 minuti\" \/>\n<script type=\"application\/ld+json\" class=\"yoast-schema-graph\">{\"@context\":\"https:\/\/schema.org\",\"@graph\":[{\"@type\":\"Article\",\"@id\":\"https:\/\/veniceredhouse.com\/it\/la-festa-della-sensa\/#article\",\"isPartOf\":{\"@id\":\"https:\/\/veniceredhouse.com\/it\/la-festa-della-sensa\/\"},\"author\":{\"name\":\"marco malafante\",\"@id\":\"https:\/\/veniceredhouse.com\/it\/#\/schema\/person\/21acc1045f2f461ce34ed5825f7bbe5d\"},\"headline\":\"La Festa della Sensa: il giorno in cui Venezia sposa il mare\",\"datePublished\":\"2025-05-12T10:01:25+00:00\",\"dateModified\":\"2025-05-12T10:07:37+00:00\",\"mainEntityOfPage\":{\"@id\":\"https:\/\/veniceredhouse.com\/it\/la-festa-della-sensa\/\"},\"wordCount\":645,\"publisher\":{\"@id\":\"https:\/\/veniceredhouse.com\/it\/#organization\"},\"image\":{\"@id\":\"https:\/\/veniceredhouse.com\/it\/la-festa-della-sensa\/#primaryimage\"},\"thumbnailUrl\":\"https:\/\/veniceredhouse.com\/wp-content\/uploads\/2025\/05\/Festa_della_sensa.jpg\",\"articleSection\":[\"Eventi e cultura\",\"Our Venice\"],\"inLanguage\":\"it-IT\"},{\"@type\":\"WebPage\",\"@id\":\"https:\/\/veniceredhouse.com\/it\/la-festa-della-sensa\/\",\"url\":\"https:\/\/veniceredhouse.com\/it\/la-festa-della-sensa\/\",\"name\":\"La Festa della Sensa: il giorno in cui Venezia sposa il mare - Red House Company\",\"isPartOf\":{\"@id\":\"https:\/\/veniceredhouse.com\/it\/#website\"},\"primaryImageOfPage\":{\"@id\":\"https:\/\/veniceredhouse.com\/it\/la-festa-della-sensa\/#primaryimage\"},\"image\":{\"@id\":\"https:\/\/veniceredhouse.com\/it\/la-festa-della-sensa\/#primaryimage\"},\"thumbnailUrl\":\"https:\/\/veniceredhouse.com\/wp-content\/uploads\/2025\/05\/Festa_della_sensa.jpg\",\"datePublished\":\"2025-05-12T10:01:25+00:00\",\"dateModified\":\"2025-05-12T10:07:37+00:00\",\"breadcrumb\":{\"@id\":\"https:\/\/veniceredhouse.com\/it\/la-festa-della-sensa\/#breadcrumb\"},\"inLanguage\":\"it-IT\",\"potentialAction\":[{\"@type\":\"ReadAction\",\"target\":[\"https:\/\/veniceredhouse.com\/it\/la-festa-della-sensa\/\"]}]},{\"@type\":\"ImageObject\",\"inLanguage\":\"it-IT\",\"@id\":\"https:\/\/veniceredhouse.com\/it\/la-festa-della-sensa\/#primaryimage\",\"url\":\"https:\/\/veniceredhouse.com\/wp-content\/uploads\/2025\/05\/Festa_della_sensa.jpg\",\"contentUrl\":\"https:\/\/veniceredhouse.com\/wp-content\/uploads\/2025\/05\/Festa_della_sensa.jpg\",\"width\":1920,\"height\":1277},{\"@type\":\"BreadcrumbList\",\"@id\":\"https:\/\/veniceredhouse.com\/it\/la-festa-della-sensa\/#breadcrumb\",\"itemListElement\":[{\"@type\":\"ListItem\",\"position\":1,\"name\":\"Home\",\"item\":\"https:\/\/veniceredhouse.com\/it\/\"},{\"@type\":\"ListItem\",\"position\":2,\"name\":\"La Festa della Sensa: il giorno in cui Venezia sposa il mare\"}]},{\"@type\":\"WebSite\",\"@id\":\"https:\/\/veniceredhouse.com\/it\/#website\",\"url\":\"https:\/\/veniceredhouse.com\/it\/\",\"name\":\"Red House Company\",\"description\":\"Rent Apartments in Venice\",\"publisher\":{\"@id\":\"https:\/\/veniceredhouse.com\/it\/#organization\"},\"potentialAction\":[{\"@type\":\"SearchAction\",\"target\":{\"@type\":\"EntryPoint\",\"urlTemplate\":\"https:\/\/veniceredhouse.com\/it\/?s={search_term_string}\"},\"query-input\":{\"@type\":\"PropertyValueSpecification\",\"valueRequired\":true,\"valueName\":\"search_term_string\"}}],\"inLanguage\":\"it-IT\"},{\"@type\":\"Organization\",\"@id\":\"https:\/\/veniceredhouse.com\/it\/#organization\",\"name\":\"Red House Company\",\"url\":\"https:\/\/veniceredhouse.com\/it\/\",\"logo\":{\"@type\":\"ImageObject\",\"inLanguage\":\"it-IT\",\"@id\":\"https:\/\/veniceredhouse.com\/it\/#\/schema\/logo\/image\/\",\"url\":\"https:\/\/veniceredhouse.com\/wp-content\/uploads\/2019\/07\/Logo_The-Red-House-Company.png\",\"contentUrl\":\"https:\/\/veniceredhouse.com\/wp-content\/uploads\/2019\/07\/Logo_The-Red-House-Company.png\",\"width\":440,\"height\":200,\"caption\":\"Red House Company\"},\"image\":{\"@id\":\"https:\/\/veniceredhouse.com\/it\/#\/schema\/logo\/image\/\"}},{\"@type\":\"Person\",\"@id\":\"https:\/\/veniceredhouse.com\/it\/#\/schema\/person\/21acc1045f2f461ce34ed5825f7bbe5d\",\"name\":\"marco malafante\",\"image\":{\"@type\":\"ImageObject\",\"inLanguage\":\"it-IT\",\"@id\":\"https:\/\/veniceredhouse.com\/it\/#\/schema\/person\/image\/\",\"url\":\"https:\/\/secure.gravatar.com\/avatar\/e14bc2f875fe82dd4f52bb88d4ca9a47?s=96&d=mm&r=g\",\"contentUrl\":\"https:\/\/secure.gravatar.com\/avatar\/e14bc2f875fe82dd4f52bb88d4ca9a47?s=96&d=mm&r=g\",\"caption\":\"marco malafante\"}}]}<\/script>\n<!-- \/ Yoast SEO plugin. -->","yoast_head_json":{"title":"La Festa della Sensa: il giorno in cui Venezia sposa il mare - Red House Company","robots":{"index":"index","follow":"follow","max-snippet":"max-snippet:-1","max-image-preview":"max-image-preview:large","max-video-preview":"max-video-preview:-1"},"canonical":"https:\/\/veniceredhouse.com\/it\/la-festa-della-sensa\/","og_locale":"it_IT","og_type":"article","og_title":"La Festa della Sensa: il giorno in cui Venezia sposa il mare - Red House Company","og_description":"Ogni citt\u00e0 ha la sua festa. Ma a Venezia, le feste non sono solo tradizioni: sono memorie vive, rituali che continuano a parlare al presente.Tra queste, la Festa della Sensa \u00e8 forse la pi\u00f9 simbolica, la pi\u00f9 profondamente veneziana. Non solo perch\u00e9 si celebra sull\u2019acqua, ma perch\u00e9 rievoca ci\u00f2 che pi\u00f9 di ogni altra cosa [&hellip;]","og_url":"https:\/\/veniceredhouse.com\/it\/la-festa-della-sensa\/","og_site_name":"Red House Company","article_published_time":"2025-05-12T10:01:25+00:00","article_modified_time":"2025-05-12T10:07:37+00:00","og_image":[{"width":2048,"height":1362,"url":"https:\/\/veniceredhouse.com\/wp-content\/uploads\/2025\/05\/Festa_della_sensa.jpg","type":"image\/jpeg"}],"author":"marco malafante","twitter_card":"summary_large_image","twitter_misc":{"Scritto da":"marco malafante","Tempo di lettura stimato":"3 minuti"},"schema":{"@context":"https:\/\/schema.org","@graph":[{"@type":"Article","@id":"https:\/\/veniceredhouse.com\/it\/la-festa-della-sensa\/#article","isPartOf":{"@id":"https:\/\/veniceredhouse.com\/it\/la-festa-della-sensa\/"},"author":{"name":"marco malafante","@id":"https:\/\/veniceredhouse.com\/it\/#\/schema\/person\/21acc1045f2f461ce34ed5825f7bbe5d"},"headline":"La Festa della Sensa: il giorno in cui Venezia sposa il mare","datePublished":"2025-05-12T10:01:25+00:00","dateModified":"2025-05-12T10:07:37+00:00","mainEntityOfPage":{"@id":"https:\/\/veniceredhouse.com\/it\/la-festa-della-sensa\/"},"wordCount":645,"publisher":{"@id":"https:\/\/veniceredhouse.com\/it\/#organization"},"image":{"@id":"https:\/\/veniceredhouse.com\/it\/la-festa-della-sensa\/#primaryimage"},"thumbnailUrl":"https:\/\/veniceredhouse.com\/wp-content\/uploads\/2025\/05\/Festa_della_sensa.jpg","articleSection":["Eventi e cultura","Our Venice"],"inLanguage":"it-IT"},{"@type":"WebPage","@id":"https:\/\/veniceredhouse.com\/it\/la-festa-della-sensa\/","url":"https:\/\/veniceredhouse.com\/it\/la-festa-della-sensa\/","name":"La Festa della Sensa: il giorno in cui Venezia sposa il mare - Red House Company","isPartOf":{"@id":"https:\/\/veniceredhouse.com\/it\/#website"},"primaryImageOfPage":{"@id":"https:\/\/veniceredhouse.com\/it\/la-festa-della-sensa\/#primaryimage"},"image":{"@id":"https:\/\/veniceredhouse.com\/it\/la-festa-della-sensa\/#primaryimage"},"thumbnailUrl":"https:\/\/veniceredhouse.com\/wp-content\/uploads\/2025\/05\/Festa_della_sensa.jpg","datePublished":"2025-05-12T10:01:25+00:00","dateModified":"2025-05-12T10:07:37+00:00","breadcrumb":{"@id":"https:\/\/veniceredhouse.com\/it\/la-festa-della-sensa\/#breadcrumb"},"inLanguage":"it-IT","potentialAction":[{"@type":"ReadAction","target":["https:\/\/veniceredhouse.com\/it\/la-festa-della-sensa\/"]}]},{"@type":"ImageObject","inLanguage":"it-IT","@id":"https:\/\/veniceredhouse.com\/it\/la-festa-della-sensa\/#primaryimage","url":"https:\/\/veniceredhouse.com\/wp-content\/uploads\/2025\/05\/Festa_della_sensa.jpg","contentUrl":"https:\/\/veniceredhouse.com\/wp-content\/uploads\/2025\/05\/Festa_della_sensa.jpg","width":1920,"height":1277},{"@type":"BreadcrumbList","@id":"https:\/\/veniceredhouse.com\/it\/la-festa-della-sensa\/#breadcrumb","itemListElement":[{"@type":"ListItem","position":1,"name":"Home","item":"https:\/\/veniceredhouse.com\/it\/"},{"@type":"ListItem","position":2,"name":"La Festa della Sensa: il giorno in cui Venezia sposa il mare"}]},{"@type":"WebSite","@id":"https:\/\/veniceredhouse.com\/it\/#website","url":"https:\/\/veniceredhouse.com\/it\/","name":"Red House Company","description":"Rent Apartments in Venice","publisher":{"@id":"https:\/\/veniceredhouse.com\/it\/#organization"},"potentialAction":[{"@type":"SearchAction","target":{"@type":"EntryPoint","urlTemplate":"https:\/\/veniceredhouse.com\/it\/?s={search_term_string}"},"query-input":{"@type":"PropertyValueSpecification","valueRequired":true,"valueName":"search_term_string"}}],"inLanguage":"it-IT"},{"@type":"Organization","@id":"https:\/\/veniceredhouse.com\/it\/#organization","name":"Red House Company","url":"https:\/\/veniceredhouse.com\/it\/","logo":{"@type":"ImageObject","inLanguage":"it-IT","@id":"https:\/\/veniceredhouse.com\/it\/#\/schema\/logo\/image\/","url":"https:\/\/veniceredhouse.com\/wp-content\/uploads\/2019\/07\/Logo_The-Red-House-Company.png","contentUrl":"https:\/\/veniceredhouse.com\/wp-content\/uploads\/2019\/07\/Logo_The-Red-House-Company.png","width":440,"height":200,"caption":"Red House Company"},"image":{"@id":"https:\/\/veniceredhouse.com\/it\/#\/schema\/logo\/image\/"}},{"@type":"Person","@id":"https:\/\/veniceredhouse.com\/it\/#\/schema\/person\/21acc1045f2f461ce34ed5825f7bbe5d","name":"marco malafante","image":{"@type":"ImageObject","inLanguage":"it-IT","@id":"https:\/\/veniceredhouse.com\/it\/#\/schema\/person\/image\/","url":"https:\/\/secure.gravatar.com\/avatar\/e14bc2f875fe82dd4f52bb88d4ca9a47?s=96&d=mm&r=g","contentUrl":"https:\/\/secure.gravatar.com\/avatar\/e14bc2f875fe82dd4f52bb88d4ca9a47?s=96&d=mm&r=g","caption":"marco malafante"}}]}},"_links":{"self":[{"href":"https:\/\/veniceredhouse.com\/it\/wp-json\/wp\/v2\/posts\/29861"}],"collection":[{"href":"https:\/\/veniceredhouse.com\/it\/wp-json\/wp\/v2\/posts"}],"about":[{"href":"https:\/\/veniceredhouse.com\/it\/wp-json\/wp\/v2\/types\/post"}],"author":[{"embeddable":true,"href":"https:\/\/veniceredhouse.com\/it\/wp-json\/wp\/v2\/users\/9"}],"replies":[{"embeddable":true,"href":"https:\/\/veniceredhouse.com\/it\/wp-json\/wp\/v2\/comments?post=29861"}],"version-history":[{"count":2,"href":"https:\/\/veniceredhouse.com\/it\/wp-json\/wp\/v2\/posts\/29861\/revisions"}],"predecessor-version":[{"id":29866,"href":"https:\/\/veniceredhouse.com\/it\/wp-json\/wp\/v2\/posts\/29861\/revisions\/29866"}],"wp:featuredmedia":[{"embeddable":true,"href":"https:\/\/veniceredhouse.com\/it\/wp-json\/wp\/v2\/media\/29862"}],"wp:attachment":[{"href":"https:\/\/veniceredhouse.com\/it\/wp-json\/wp\/v2\/media?parent=29861"}],"wp:term":[{"taxonomy":"category","embeddable":true,"href":"https:\/\/veniceredhouse.com\/it\/wp-json\/wp\/v2\/categories?post=29861"},{"taxonomy":"post_tag","embeddable":true,"href":"https:\/\/veniceredhouse.com\/it\/wp-json\/wp\/v2\/tags?post=29861"}],"curies":[{"name":"wp","href":"https:\/\/api.w.org\/{rel}","templated":true}]}}