{"id":28420,"date":"2025-02-11T16:18:13","date_gmt":"2025-02-11T15:18:13","guid":{"rendered":"https:\/\/veniceredhouse.com\/dolomiti-experience\/"},"modified":"2025-02-12T15:42:09","modified_gmt":"2025-02-12T14:42:09","slug":"dolomiti-experience","status":"publish","type":"post","link":"https:\/\/veniceredhouse.com\/it\/dolomiti-experience\/","title":{"rendered":"Dai Canali alle Vette: Alla Scoperta delle Maestose Dolomiti"},"content":{"rendered":"\n<h2 class=\"wp-block-heading has-text-color has-link-color wp-elements-5949434b5865ae5bbbfbd29dcecbfd9a\" style=\"color:#b12432\">Scopri un Volto Inedito di Venezia<\/h2>\n\n\n\n<p>Venezia \u00e8 straordinaria, ma le sue meraviglie non si fermano alla laguna. A poche ore dalla citt\u00e0 si estendono le <strong>Dolomiti<\/strong>, patrimonio mondiale dell\u2019UNESCO, con alcuni dei paesaggi pi\u00f9 spettacolari d\u2019Italia. Vette imponenti, laghi alpini incontaminati e sentieri panoramici fanno di queste montagne la destinazione ideale per chi ama la natura e l\u2019avventura.<\/p>\n\n\n\n<p>Vivi un\u2019esperienza indimenticabile tra queste vette, esplorando <strong>sentieri mozzafiato, panorami unici e luoghi carichi di storia<\/strong>, sempre accompagnato da una <strong>guida alpina esperta<\/strong> che ti condurr\u00e0 alla scoperta di questo territorio straordinario.<\/p>\n\n\n\n<div style=\"height:30px\" aria-hidden=\"true\" class=\"wp-block-spacer\"><\/div>\n\n\n\n<h2 class=\"wp-block-heading has-text-color has-link-color wp-elements-085839f972b8f9b8bd96e1cb2686f743\" style=\"color:#b12432\">Accompagnato da un Esperto: La Tua Guida Alpina<\/h2>\n\n\n\n<p>La tua avventura sar\u00e0 guidata da <strong>Alberto De Giuli<\/strong>, <strong>Guida Alpina certificata UIAGM<\/strong> con oltre dieci anni di esperienza. Appassionato alpinista, Alberto conosce queste montagne alla perfezione e ti accompagner\u00e0 in un viaggio sicuro, coinvolgente e autentico nel cuore delle <strong>Dolomiti<\/strong>.<\/p>\n\n\n\n<p>Grazie alla sua esperienza, non solo percorrerai alcuni dei sentieri pi\u00f9 spettacolari, ma scoprirai anche la <strong>storia, la geologia e le tradizioni<\/strong> che rendono queste montagne un luogo unico al mondo.<\/p>\n\n\n\n<div style=\"height:50px\" aria-hidden=\"true\" class=\"wp-block-spacer\"><\/div>\n\n\n\n<h2 class=\"wp-block-heading has-text-color has-link-color wp-elements-2bd64ae95a8094bbbe418c6dde334877\" style=\"color:#b12432\"><strong>&#8220;Dolomiti Experience: Scegli la Tua Avventura&#8221;<\/strong><\/h2>\n\n\n\n<h2 class=\"wp-block-heading has-text-color has-link-color wp-elements-241d5b9d6c5c8ac0441766637531fed4\" style=\"color:#b12432\">Cinque Torri \u2013 Averau \u2013 Nuvolau<\/h2>\n\n\n\n<div style=\"height:10px\" aria-hidden=\"true\" class=\"wp-block-spacer\"><\/div>\n\n\n\n<p><strong>Un&#8217;escursione iconica tra storia e panorami mozzafiato<\/strong><\/p>\n\n\n\n<p>Una delle escursioni pi\u00f9 spettacolari e accessibili delle <strong>Dolomiti<\/strong>, questo itinerario ti porter\u00e0 attraverso le leggendarie <strong>Cinque Torri<\/strong>, un vero paradiso per escursionisti e scalatori. L\u2019avventura inizia a <strong>Bai de Dones<\/strong>, da dove una seggiovia ti condurr\u00e0 fino al <strong>Rifugio Scoiattoli<\/strong>, il punto perfetto per ammirare da vicino queste imponenti formazioni rocciose.<\/p>\n\n\n\n<p><strong>Cosa aspettarsi:<\/strong><\/p>\n\n\n\n<p>\u2022 Un suggestivo percorso ad anello attorno alle <strong>Cinque Torri<\/strong>, con soste presso le <strong>trincee restaurate della Prima Guerra Mondiale<\/strong>, dove potrai fare un salto nel passato e vivere la storia da vicino.<\/p>\n\n\n\n<p>\u2022 Un&#8217;escursione piacevole ma appagante che ti porter\u00e0 fino al <strong>Rifugio Averau<\/strong> e poi al <strong>Rifugio Nuvolau<\/strong>, il pi\u00f9 antico della Conca Ampezzana. Situato a <strong>2.575 metri di altitudine<\/strong>, offre una vista mozzafiato a <strong>360\u00b0<\/strong> sulle maestose vette dolomitiche circostanti.<\/p>\n\n\n\n<p>\u2022 Un gustoso pranzo alpino al <strong>Rifugio Averau<\/strong>, famoso per le sue specialit\u00e0 locali e per la sua terrazza panoramica con una vista spettacolare.<\/p>\n\n\n\n<div class=\"wp-block-cover\" style=\"min-height:317px;aspect-ratio:unset;\"><span aria-hidden=\"true\" class=\"wp-block-cover__background has-black-background-color has-background-dim\"><\/span><img loading=\"lazy\" decoding=\"async\" width=\"1920\" height=\"1280\" class=\"wp-block-cover__image-background wp-image-28269\" alt=\"\" src=\"https:\/\/veniceredhouse.com\/wp-content\/uploads\/2025\/02\/Cinque-torri_resized-scaled.jpg\" data-object-fit=\"cover\" srcset=\"https:\/\/veniceredhouse.com\/wp-content\/uploads\/2025\/02\/Cinque-torri_resized-scaled.jpg 1920w, https:\/\/veniceredhouse.com\/wp-content\/uploads\/2025\/02\/Cinque-torri_resized-300x200.jpg 300w, https:\/\/veniceredhouse.com\/wp-content\/uploads\/2025\/02\/Cinque-torri_resized-1024x683.jpg 1024w, https:\/\/veniceredhouse.com\/wp-content\/uploads\/2025\/02\/Cinque-torri_resized-1536x1024.jpg 1536w, https:\/\/veniceredhouse.com\/wp-content\/uploads\/2025\/02\/Cinque-torri_resized-1320x880.jpg 1320w\" sizes=\"(max-width: 1920px) 100vw, 1920px\" \/><div class=\"wp-block-cover__inner-container is-layout-constrained wp-block-cover-is-layout-constrained\">\n<h2 class=\"wp-block-heading has-text-align-center has-text-color has-link-color has-large-font-size wp-elements-b8ceb41aef11490ef050499275e291c7\" style=\"color:#ffffff\"><strong>CINQUE TORRI &#8211; AVERAU &#8211; NUVOLAU<\/strong><\/h2>\n\n\n\n<p class=\"has-text-align-center has-text-color has-link-color has-normal-font-size wp-elements-89ad3f53dce056d9eb850f460de19bbd\" style=\"color:#ffffff\"><strong>Durata del tour: <\/strong>4 &#8211; 4.5 ore di cammino<br>Dislivello: 400 m<\/p>\n\n\n\n<div class=\"wp-block-buttons is-content-justification-center is-layout-flex wp-container-core-buttons-is-layout-1 wp-block-buttons-is-layout-flex\">\n<div class=\"wp-block-button has-custom-font-size is-style-outline has-small-font-size is-style-outline--d7e5d30aa709a18e8ab6bb71cce55577\" style=\"text-transform:uppercase\"><a class=\"wp-block-button__link has-text-color has-link-color wp-element-button\" href=\"mailto:info@veniceredhouse.com?subject=Dolomiti Experience\" style=\"color:#ffffff\"><strong>Cammina nella Storia \u2013 Prenota la Tua Escursione<\/strong><\/a><\/div>\n<\/div>\n<\/div><\/div>\n\n\n\n<div style=\"height:30px\" aria-hidden=\"true\" class=\"wp-block-spacer\"><\/div>\n\n\n\n<hr class=\"wp-block-separator has-alpha-channel-opacity\"\/>\n\n\n\n<div style=\"height:30px\" aria-hidden=\"true\" class=\"wp-block-spacer\"><\/div>\n\n\n\n<h2 class=\"wp-block-heading has-text-color has-link-color wp-elements-9a83e084ea2941e088e85e47eca2f01c\" style=\"color:#b12432\">Altopiano di Sennes &amp; Parco Naturale Fanes-Sennes-Braies<\/h2>\n\n\n\n<div style=\"height:10px\" aria-hidden=\"true\" class=\"wp-block-spacer\"><\/div>\n\n\n\n<p><strong>Un viaggio attraverso uno dei parchi naturali pi\u00f9 spettacolari delle Dolomiti<\/strong><\/p>\n\n\n\n<p>Per chi desidera un&#8217;avventura pi\u00f9 lunga e immersiva, questa escursione conduce nel cuore del <strong>Parco Naturale Fanes-Sennes-Braies<\/strong>, un vero paradiso per gli escursionisti, caratterizzato da <strong>altopiani spettacolari, prati rigogliosi e laghi alpini cristallini<\/strong>.<\/p>\n\n\n\n<p><strong>Cosa aspettarsi:<\/strong><\/p>\n\n\n\n<p>\u2022 L\u2019avventura inizia con un trasferimento in navetta fino a <strong>Malga Ra Stua<\/strong>, seguito da una salita moderata attraverso <strong>boschi di pini<\/strong> e una serie di tornanti rocciosi.<\/p>\n\n\n\n<p>\u2022 Raggiunto l\u2019<strong>altopiano<\/strong>, lo spettacolo che si aprir\u00e0 davanti a voi sar\u00e0 straordinario: una vista mozzafiato sulle <strong>Dolomiti<\/strong>, con la maestosa <strong>Croda del Becco<\/strong> a dominare il paesaggio.<\/p>\n\n\n\n<p>\u2022 Una sosta ai meravigliosi <strong>Laghi di Fosses<\/strong>, dove i prati alpini e le acque cristalline creano uno scenario da cartolina.<\/p>\n\n\n\n<p>\u2022 Un pranzo meritato al <strong>Rifugio Sennes<\/strong>, dove potrete gustare <strong>piatti tipici della tradizione alpina<\/strong> prima di iniziare la discesa panoramica.<\/p>\n\n\n\n<div class=\"wp-block-cover\" style=\"min-height:317px;aspect-ratio:unset;\"><span aria-hidden=\"true\" class=\"wp-block-cover__background has-black-background-color has-background-dim\"><\/span><img loading=\"lazy\" decoding=\"async\" width=\"540\" height=\"957\" class=\"wp-block-cover__image-background wp-image-28272\" alt=\"\" src=\"https:\/\/veniceredhouse.com\/wp-content\/uploads\/2025\/02\/Sennes_.jpg\" style=\"object-position:50% 4%\" data-object-fit=\"cover\" data-object-position=\"50% 4%\" srcset=\"https:\/\/veniceredhouse.com\/wp-content\/uploads\/2025\/02\/Sennes_.jpg 540w, https:\/\/veniceredhouse.com\/wp-content\/uploads\/2025\/02\/Sennes_-169x300.jpg 169w\" sizes=\"(max-width: 540px) 100vw, 540px\" \/><div class=\"wp-block-cover__inner-container is-layout-constrained wp-block-cover-is-layout-constrained\">\n<h2 class=\"wp-block-heading has-text-align-center has-text-color has-link-color has-large-font-size wp-elements-7aa137861d516fbc8b3c4d41335bc68a\" style=\"color:#ffffff;text-transform:uppercase\"><strong>Altopiano di Sennes &amp; Parco Naturale Fanes-Sennes-Braies<\/strong><\/h2>\n\n\n\n<p class=\"has-text-align-center has-text-color has-link-color has-normal-font-size wp-elements-b3a7c6d155acb7d10cb062d2fc7996d9\" style=\"color:#ffffff\"><strong>Durata del Tour: <\/strong>5 &#8211; 5.5 di camminata<br>Dislivello: 500m<\/p>\n\n\n\n<div class=\"wp-block-buttons is-content-justification-center is-layout-flex wp-container-core-buttons-is-layout-2 wp-block-buttons-is-layout-flex\">\n<div class=\"wp-block-button has-custom-font-size is-style-outline has-small-font-size is-style-outline--923592a541dcc933b5c57c8230af7049\" style=\"text-transform:uppercase\"><a class=\"wp-block-button__link has-text-color has-link-color wp-element-button\" href=\"mailto:info@veniceredhouse.com?subject=Dolomiti Experience\" style=\"color:#ffffff\" target=\"_blank\" rel=\"noreferrer noopener\"><strong>Immergiti nella Natura \u2013 Prenota la Tua Escursione<\/strong><\/a><\/div>\n<\/div>\n<\/div><\/div>\n\n\n\n<div style=\"height:30px\" aria-hidden=\"true\" class=\"wp-block-spacer\"><\/div>\n\n\n\n<hr class=\"wp-block-separator has-alpha-channel-opacity\"\/>\n\n\n\n<div style=\"height:30px\" aria-hidden=\"true\" class=\"wp-block-spacer\"><\/div>\n\n\n\n<h2 class=\"wp-block-heading has-text-color has-link-color wp-elements-23bbfdc7ab8b8da8f06b971546eb4a1c\" style=\"color:#b12432\">Ferrata della Gusela &amp; Monte Averau<\/h2>\n\n\n\n<div style=\"height:10px\" aria-hidden=\"true\" class=\"wp-block-spacer\"><\/div>\n\n\n\n<p><strong>Un\u2019emozionante introduzione alla via ferrata nelle Dolomiti<\/strong><\/p>\n\n\n\n<p>Se sei in cerca di un\u2019esperienza adrenalinica, questa avventura combina <strong>escursionismo panoramico<\/strong> con una <strong>via ferrata facile<\/strong>, un percorso attrezzato con cavi fissi e pioli di ferro, perfetto anche per chi si avvicina per la prima volta a questa disciplina.<\/p>\n\n\n\n<h3 class=\"wp-block-heading\"><strong>Cosa ti aspetta:<\/strong><\/h3>\n\n\n\n<p>\u2022 <strong>Partenza dal Passo Giau<\/strong>, uno dei valichi pi\u00f9 spettacolari delle Dolomiti.<\/p>\n\n\n\n<p>\u2022 <strong>Salita emozionante lungo la Ferrata della Gusela<\/strong>, con due tratti attrezzati semplici e accessibili ai principianti, ma comunque ricchi di adrenalina.<\/p>\n\n\n\n<p>\u2022 <strong>Ultimo tratto verso la vetta del Monte Averau<\/strong>, da cui potrai godere di una vista panoramica mozzafiato sulle cime circostanti.<\/p>\n\n\n\n<p>\u2022 <strong>Discesa attraverso il Rifugio Averau<\/strong>, con la possibilit\u00e0 di una breve sosta prima del rientro.<\/p>\n\n\n\n<div class=\"wp-block-cover\" style=\"min-height:317px;aspect-ratio:unset;\"><span aria-hidden=\"true\" class=\"wp-block-cover__background has-black-background-color has-background-dim\"><\/span><img loading=\"lazy\" decoding=\"async\" width=\"1920\" height=\"1280\" class=\"wp-block-cover__image-background wp-image-28280\" alt=\"\" src=\"https:\/\/veniceredhouse.com\/wp-content\/uploads\/2025\/02\/Ferrata-_resized-scaled.jpg\" data-object-fit=\"cover\" srcset=\"https:\/\/veniceredhouse.com\/wp-content\/uploads\/2025\/02\/Ferrata-_resized-scaled.jpg 1920w, https:\/\/veniceredhouse.com\/wp-content\/uploads\/2025\/02\/Ferrata-_resized-300x200.jpg 300w, https:\/\/veniceredhouse.com\/wp-content\/uploads\/2025\/02\/Ferrata-_resized-1024x683.jpg 1024w, https:\/\/veniceredhouse.com\/wp-content\/uploads\/2025\/02\/Ferrata-_resized-1536x1024.jpg 1536w, https:\/\/veniceredhouse.com\/wp-content\/uploads\/2025\/02\/Ferrata-_resized-1320x880.jpg 1320w\" sizes=\"(max-width: 1920px) 100vw, 1920px\" \/><div class=\"wp-block-cover__inner-container is-layout-constrained wp-block-cover-is-layout-constrained\">\n<h2 class=\"wp-block-heading has-text-align-center has-text-color has-link-color has-large-font-size wp-elements-d998b86a4decff2b1a40024d9ecd154f\" style=\"color:#ffffff\"><strong>FERRATA DELLA GUSELA &amp; MONTE AVERAU<\/strong><\/h2>\n\n\n\n<p class=\"has-text-align-center has-text-color has-link-color has-normal-font-size wp-elements-9ac71de81ea6528882da3e5fa8f61071\" style=\"color:#ffffff\"><strong>Durata del tour: <\/strong>6 ore di cammino e arrampicata<br>Dislivello: 700m<\/p>\n\n\n\n<div class=\"wp-block-buttons is-content-justification-center is-layout-flex wp-container-core-buttons-is-layout-3 wp-block-buttons-is-layout-flex\">\n<div class=\"wp-block-button has-custom-font-size is-style-outline has-small-font-size is-style-outline--82036a44978c79ccc87136ee0a49f3b4\" style=\"text-transform:uppercase\"><a class=\"wp-block-button__link has-text-color has-link-color wp-element-button\" href=\"mailto:info@veniceredhouse.com?subject=Dolomiti Experience\" style=\"color:#ffffff\" target=\"_blank\" rel=\"noreferrer noopener\"><strong>Vivi l\u2019Adrenalina \u2013 Prenota la Tua Via Ferrata<\/strong><\/a><\/div>\n<\/div>\n<\/div><\/div>\n\n\n\n<div style=\"height:30px\" aria-hidden=\"true\" class=\"wp-block-spacer\"><\/div>\n\n\n\n<hr class=\"wp-block-separator has-alpha-channel-opacity\"\/>\n\n\n\n<div style=\"height:30px\" aria-hidden=\"true\" class=\"wp-block-spacer\"><\/div>\n\n\n\n<h2 class=\"wp-block-heading has-text-color has-link-color wp-elements-5bc401f5d6eee176c4c8f9c65378079f\" style=\"color:#b12432\">Perch\u00e8 unirsi alla Dolomiti Experience?<\/h2>\n\n\n\n<div style=\"height:20px\" aria-hidden=\"true\" class=\"wp-block-spacer\"><\/div>\n\n\n\n<p>\u2714\ufe0f <strong>Escursioni guidate esclusive<\/strong> con una guida alpina certificata<\/p>\n\n\n\n<p>\u2714\ufe0f <strong>Paesaggi mozzafiato<\/strong> e tesori storici nascosti<\/p>\n\n\n\n<p>\u2714\ufe0f <strong>Adatte a tutti i livelli<\/strong>, dalle passeggiate panoramiche alle emozionanti vie ferrate<\/p>\n\n\n\n<div style=\"height:10px\" aria-hidden=\"true\" class=\"wp-block-spacer\"><\/div>\n\n\n\n<p>Che tu sia un amante della natura, un appassionato di storia o un cercatore di avventure, le <strong>Dolomiti<\/strong> offrono un\u2019esperienza indimenticabile lontano da Venezia, immergendoti in un mondo di <strong>maestose<\/strong> <strong>vette, sentieri alpini e storia millenaria<\/strong>.<\/p>\n\n\n\n<div style=\"height:30px\" aria-hidden=\"true\" class=\"wp-block-spacer\"><\/div>\n\n\n\n<hr class=\"wp-block-separator has-alpha-channel-opacity\"\/>\n\n\n\n<div style=\"height:30px\" aria-hidden=\"true\" class=\"wp-block-spacer\"><\/div>\n\n\n\n<h2 class=\"wp-block-heading has-text-color has-link-color wp-elements-ac5a9759a40d9d8c708a060655f98958\" style=\"color:#b12432\">Come raggiungere le Dolomiti<\/h2>\n\n\n\n<p>Raggiungere le <strong>Dolomiti da Venezia<\/strong> \u00e8 pi\u00f9 semplice di quanto pensi. Che tu preferisca la <strong>libert\u00e0 di un\u2019auto a noleggio<\/strong>, la <strong>comodit\u00e0 di un autobus<\/strong> o il <strong>comfort di un autista privato<\/strong>, ci sono diverse opzioni per raggiungere questo straordinario paradiso montano.<\/p>\n\n\n\n<div style=\"height:10px\" aria-hidden=\"true\" class=\"wp-block-spacer\"><\/div>\n\n\n\n<h5 class=\"wp-block-heading\">Noleggio Auto \u2013 Esplora al Tuo Ritmo<\/h5>\n\n\n\n<p>Per chi desidera <strong>massima flessibilit\u00e0<\/strong>, noleggiare un\u2019auto \u00e8 la soluzione ideale. Puoi ritirare il veicolo direttamente a <strong>Piazzale Roma<\/strong>, il principale punto di accesso per le auto a Venezia, e partire alla scoperta delle Dolomiti al tuo ritmo. Il viaggio dura circa <strong>2 \u2013 2,5 ore<\/strong>, con la possibilit\u00e0 di fare soste panoramiche lungo il tragitto.<\/p>\n\n\n\n<p><strong>Dove noleggiare:<\/strong> Diverse agenzie di noleggio auto si trovano a <strong>Piazzale Roma<\/strong>. Ti consigliamo di prenotare in anticipo, soprattutto nei periodi di alta stagione.<\/p>\n\n\n\n<hr class=\"wp-block-separator has-alpha-channel-opacity\"\/>\n\n\n\n<h5 class=\"wp-block-heading\">Autobus \u2013 Comodo e Diretto<\/h5>\n\n\n\n<p>Se preferisci un viaggio <strong>senza stress<\/strong>, diversi servizi di autobus collegano <strong>Venezia alle Dolomiti<\/strong>, con tratte dirette verso <strong>Cortina d\u2019Ampezzo<\/strong>, la porta d\u2019accesso a queste maestose montagne.<\/p>\n\n\n\n<p class=\"has-text-color has-link-color wp-elements-66bf381df8fd06345576031a19597a61\" style=\"color:#000000\">\u2022 <strong><a href=\"https:\/\/www.cortinaexpress.it\/it\/?_gl=1*go20s5*_up*MQ..&amp;gclid=CjwKCAiAh6y9BhBREiwApBLHC9qWT30Orj-qMPt9296oOM9s7MiCFzFZCrA3RdOE1MFzJYnJpstDBxoC2vcQAvD_BwE\" target=\"_blank\" rel=\"noreferrer noopener\">Cortina Express<\/a>:<\/strong> Partenza dalla <strong>stazione ferroviaria di Mestre<\/strong>, offrendo un tragitto diretto e confortevole.<\/p>\n\n\n\n<p class=\"has-text-color has-link-color wp-elements-3b14a75929f3c40d8680dfb99b88fd2b\" style=\"color:#000000\">\u2022 <strong><a href=\"https:\/\/www.atvo.it\/index.php?lingua=it&amp;area=menustandard&amp;idpadre=172&amp;idmenu=62\" target=\"_blank\" rel=\"noreferrer noopener\">ATVO Bus<\/a>:<\/strong> Parte da <strong>Piazzale Roma a Venezia<\/strong>, una soluzione comoda per chi soggiorna nel centro citt\u00e0.<\/p>\n\n\n\n<p><strong>Durata del viaggio:<\/strong> Circa 2,5 \u2013 3 ore.<\/p>\n\n\n\n<hr class=\"wp-block-separator has-alpha-channel-opacity\"\/>\n\n\n\n<h5 class=\"wp-block-heading\">Private Driver<\/h5>\n\n\n\n<p>Per un&#8217;esperienza senza interruzioni e all&#8217;insegna del lusso, considera l&#8217;opzione di un autista privato che ti porter\u00e0 direttamente da Venezia alle Dolomiti. Questa \u00e8 la scelta ideale se desideri un viaggio personalizzato, un servizio porta a porta e il massimo comfort.<\/p>\n\n\n\n<p>\u2714\ufe0f Prelievo e rientro su misura<br>\u2714\ufe0f Nessuna necessit\u00e0 di usare i mezzi pubblici o guidare su strade sconosciute<br>\u2714\ufe0f Rilassati e goditi il panorama mozzafiato lungo il tragitto<\/p>\n\n\n\n<p>Possiamo aiutarti a organizzare un trasferimento privato su misura in base ai tuoi orari e alle tue preferenze.<\/p>\n\n\n\n<div style=\"height:30px\" aria-hidden=\"true\" class=\"wp-block-spacer\"><\/div>\n\n\n\n<div class=\"wp-block-buttons is-content-justification-center is-layout-flex wp-container-core-buttons-is-layout-4 wp-block-buttons-is-layout-flex\">\n<div class=\"wp-block-button has-custom-font-size has-small-font-size\"><a class=\"wp-block-button__link has-text-color has-background has-link-color wp-element-button\" href=\"mailto:info@veniceredhouse.com?subject=Dolomiti Experience\" style=\"border-radius:0px;color:#ffffff;background-color:#b12432\" target=\"_blank\" rel=\"noreferrer noopener\">CONTATTACI PER PRENOTARE LA TUA DOLOMITI EXPERIENCE<\/a><\/div>\n<\/div>\n\n\n\n<div style=\"height:30px\" aria-hidden=\"true\" class=\"wp-block-spacer\"><\/div>\n\n\n\n<hr class=\"wp-block-separator has-alpha-channel-opacity\"\/>\n\n\n\n<div style=\"height:30px\" aria-hidden=\"true\" class=\"wp-block-spacer\"><\/div>\n\n\n\n<h2 class=\"wp-block-heading has-text-align-center has-text-color has-link-color wp-elements-020ef592cd2bcdcaed25e0e85aa5b4e2\" style=\"color:#b12432\"><em>Qualche foto dalle vette&#8230;<\/em><\/h2>\n\n\n\n<figure class=\"wp-block-gallery has-nested-images columns-default is-cropped wp-block-gallery-1 is-layout-flex wp-block-gallery-is-layout-flex\">\n<figure class=\"wp-block-image size-large\"><img loading=\"lazy\" decoding=\"async\" width=\"1024\" height=\"683\" data-id=\"28287\" src=\"https:\/\/veniceredhouse.com\/wp-content\/uploads\/2025\/02\/Albertodegiuli--1024x683.jpg\" alt=\"Sardinia\" class=\"wp-image-28287\" srcset=\"https:\/\/veniceredhouse.com\/wp-content\/uploads\/2025\/02\/Albertodegiuli--1024x683.jpg 1024w, https:\/\/veniceredhouse.com\/wp-content\/uploads\/2025\/02\/Albertodegiuli--300x200.jpg 300w, https:\/\/veniceredhouse.com\/wp-content\/uploads\/2025\/02\/Albertodegiuli--1536x1025.jpg 1536w, https:\/\/veniceredhouse.com\/wp-content\/uploads\/2025\/02\/Albertodegiuli-.jpg 1920w, https:\/\/veniceredhouse.com\/wp-content\/uploads\/2025\/02\/Albertodegiuli--1320x881.jpg 1320w\" sizes=\"(max-width: 1024px) 100vw, 1024px\" \/><\/figure>\n\n\n\n<figure class=\"wp-block-image size-large\"><img loading=\"lazy\" decoding=\"async\" width=\"1024\" height=\"683\" data-id=\"28290\" src=\"https:\/\/veniceredhouse.com\/wp-content\/uploads\/2025\/02\/Cinque-torri_resized-1-1024x683.jpg\" alt=\"\" class=\"wp-image-28290\" srcset=\"https:\/\/veniceredhouse.com\/wp-content\/uploads\/2025\/02\/Cinque-torri_resized-1-1024x683.jpg 1024w, https:\/\/veniceredhouse.com\/wp-content\/uploads\/2025\/02\/Cinque-torri_resized-1-300x200.jpg 300w, https:\/\/veniceredhouse.com\/wp-content\/uploads\/2025\/02\/Cinque-torri_resized-1-1536x1024.jpg 1536w, https:\/\/veniceredhouse.com\/wp-content\/uploads\/2025\/02\/Cinque-torri_resized-1-scaled.jpg 1920w, https:\/\/veniceredhouse.com\/wp-content\/uploads\/2025\/02\/Cinque-torri_resized-1-1320x880.jpg 1320w\" sizes=\"(max-width: 1024px) 100vw, 1024px\" \/><\/figure>\n\n\n\n<figure class=\"wp-block-image size-large\"><img loading=\"lazy\" decoding=\"async\" width=\"1024\" height=\"683\" data-id=\"28293\" src=\"https:\/\/veniceredhouse.com\/wp-content\/uploads\/2025\/02\/Ferrata-_resized-1-1024x683.jpg\" alt=\"\" class=\"wp-image-28293\" srcset=\"https:\/\/veniceredhouse.com\/wp-content\/uploads\/2025\/02\/Ferrata-_resized-1-1024x683.jpg 1024w, https:\/\/veniceredhouse.com\/wp-content\/uploads\/2025\/02\/Ferrata-_resized-1-300x200.jpg 300w, https:\/\/veniceredhouse.com\/wp-content\/uploads\/2025\/02\/Ferrata-_resized-1-1536x1024.jpg 1536w, https:\/\/veniceredhouse.com\/wp-content\/uploads\/2025\/02\/Ferrata-_resized-1-scaled.jpg 1920w, https:\/\/veniceredhouse.com\/wp-content\/uploads\/2025\/02\/Ferrata-_resized-1-1320x880.jpg 1320w\" sizes=\"(max-width: 1024px) 100vw, 1024px\" \/><\/figure>\n\n\n\n<figure class=\"wp-block-image size-large\"><img loading=\"lazy\" decoding=\"async\" width=\"683\" height=\"1024\" data-id=\"28308\" src=\"https:\/\/veniceredhouse.com\/wp-content\/uploads\/2025\/02\/FerrataAverau_vertical-683x1024.jpg\" alt=\"\" class=\"wp-image-28308\" srcset=\"https:\/\/veniceredhouse.com\/wp-content\/uploads\/2025\/02\/FerrataAverau_vertical-683x1024.jpg 683w, https:\/\/veniceredhouse.com\/wp-content\/uploads\/2025\/02\/FerrataAverau_vertical-200x300.jpg 200w, https:\/\/veniceredhouse.com\/wp-content\/uploads\/2025\/02\/FerrataAverau_vertical-1024x1536.jpg 1024w, https:\/\/veniceredhouse.com\/wp-content\/uploads\/2025\/02\/FerrataAverau_vertical.jpg 1280w\" sizes=\"(max-width: 683px) 100vw, 683px\" \/><\/figure>\n\n\n\n<figure class=\"wp-block-image size-large\"><img loading=\"lazy\" decoding=\"async\" width=\"683\" height=\"1024\" data-id=\"28304\" src=\"https:\/\/veniceredhouse.com\/wp-content\/uploads\/2025\/02\/PassoGiau_vertical-683x1024.jpg\" alt=\"\" class=\"wp-image-28304\" srcset=\"https:\/\/veniceredhouse.com\/wp-content\/uploads\/2025\/02\/PassoGiau_vertical-683x1024.jpg 683w, https:\/\/veniceredhouse.com\/wp-content\/uploads\/2025\/02\/PassoGiau_vertical-200x300.jpg 200w, https:\/\/veniceredhouse.com\/wp-content\/uploads\/2025\/02\/PassoGiau_vertical-1024x1536.jpg 1024w, https:\/\/veniceredhouse.com\/wp-content\/uploads\/2025\/02\/PassoGiau_vertical.jpg 1213w\" sizes=\"(max-width: 683px) 100vw, 683px\" \/><\/figure>\n<\/figure>\n\n\n\n<p class=\"has-small-font-size\"><em>Images courtesy of Alberto De Giuli<\/em><\/p>\n","protected":false},"excerpt":{"rendered":"<p>Scopri un Volto Inedito di Venezia Venezia \u00e8 straordinaria, ma le sue meraviglie non si fermano alla laguna. A poche ore dalla citt\u00e0 si estendono le Dolomiti, patrimonio mondiale dell\u2019UNESCO, con alcuni dei paesaggi pi\u00f9 spettacolari d\u2019Italia. Vette imponenti, laghi alpini incontaminati e sentieri panoramici fanno di queste montagne la destinazione ideale per chi ama [&hellip;]<\/p>\n","protected":false},"author":9,"featured_media":28279,"comment_status":"closed","ping_status":"closed","sticky":false,"template":"","format":"standard","meta":{"inline_featured_image":false,"_genesis_hide_title":false,"_genesis_hide_breadcrumbs":false,"_genesis_hide_singular_image":false,"_genesis_hide_footer_widgets":false,"_genesis_custom_body_class":"","_genesis_custom_post_class":"","_genesis_layout":"","footnotes":""},"categories":[79],"tags":[],"class_list":{"0":"post-28420","1":"post","2":"type-post","3":"status-publish","4":"format-standard","5":"has-post-thumbnail","7":"category-esperienze-autentiche","8":"entry"},"yoast_head":"<!-- This site is optimized with the Yoast SEO plugin v25.4 - https:\/\/yoast.com\/wordpress\/plugins\/seo\/ -->\n<title>Dai Canali alle Vette: Alla Scoperta delle Maestose Dolomiti - Red House Company<\/title>\n<meta name=\"robots\" content=\"index, follow, max-snippet:-1, max-image-preview:large, max-video-preview:-1\" \/>\n<link rel=\"canonical\" href=\"https:\/\/veniceredhouse.com\/it\/dolomiti-experience\/\" \/>\n<meta property=\"og:locale\" content=\"it_IT\" \/>\n<meta property=\"og:type\" content=\"article\" \/>\n<meta property=\"og:title\" content=\"Dai Canali alle Vette: Alla Scoperta delle Maestose Dolomiti - Red House Company\" \/>\n<meta property=\"og:description\" content=\"Scopri un Volto Inedito di Venezia Venezia \u00e8 straordinaria, ma le sue meraviglie non si fermano alla laguna. A poche ore dalla citt\u00e0 si estendono le Dolomiti, patrimonio mondiale dell\u2019UNESCO, con alcuni dei paesaggi pi\u00f9 spettacolari d\u2019Italia. Vette imponenti, laghi alpini incontaminati e sentieri panoramici fanno di queste montagne la destinazione ideale per chi ama [&hellip;]\" \/>\n<meta property=\"og:url\" content=\"https:\/\/veniceredhouse.com\/it\/dolomiti-experience\/\" \/>\n<meta property=\"og:site_name\" content=\"Red House Company\" \/>\n<meta property=\"article:published_time\" content=\"2025-02-11T15:18:13+00:00\" \/>\n<meta property=\"article:modified_time\" content=\"2025-02-12T14:42:09+00:00\" \/>\n<meta property=\"og:image\" content=\"https:\/\/veniceredhouse.com\/wp-content\/uploads\/2025\/02\/PassoGiau_resized-scaled.jpg\" \/>\n\t<meta property=\"og:image:width\" content=\"1920\" \/>\n\t<meta property=\"og:image:height\" content=\"1280\" \/>\n\t<meta property=\"og:image:type\" content=\"image\/jpeg\" \/>\n<meta name=\"author\" content=\"marco malafante\" \/>\n<meta name=\"twitter:card\" content=\"summary_large_image\" \/>\n<meta name=\"twitter:label1\" content=\"Scritto da\" \/>\n\t<meta name=\"twitter:data1\" content=\"marco malafante\" \/>\n\t<meta name=\"twitter:label2\" content=\"Tempo di lettura stimato\" \/>\n\t<meta name=\"twitter:data2\" content=\"7 minuti\" \/>\n<script type=\"application\/ld+json\" class=\"yoast-schema-graph\">{\"@context\":\"https:\/\/schema.org\",\"@graph\":[{\"@type\":\"Article\",\"@id\":\"https:\/\/veniceredhouse.com\/it\/dolomiti-experience\/#article\",\"isPartOf\":{\"@id\":\"https:\/\/veniceredhouse.com\/it\/dolomiti-experience\/\"},\"author\":{\"name\":\"marco malafante\",\"@id\":\"https:\/\/veniceredhouse.com\/it\/#\/schema\/person\/21acc1045f2f461ce34ed5825f7bbe5d\"},\"headline\":\"Dai Canali alle Vette: Alla Scoperta delle Maestose Dolomiti\",\"datePublished\":\"2025-02-11T15:18:13+00:00\",\"dateModified\":\"2025-02-12T14:42:09+00:00\",\"mainEntityOfPage\":{\"@id\":\"https:\/\/veniceredhouse.com\/it\/dolomiti-experience\/\"},\"wordCount\":1055,\"publisher\":{\"@id\":\"https:\/\/veniceredhouse.com\/it\/#organization\"},\"image\":{\"@id\":\"https:\/\/veniceredhouse.com\/it\/dolomiti-experience\/#primaryimage\"},\"thumbnailUrl\":\"https:\/\/veniceredhouse.com\/wp-content\/uploads\/2025\/02\/PassoGiau_resized-scaled.jpg\",\"articleSection\":[\"Esperienze Autentiche\"],\"inLanguage\":\"it-IT\"},{\"@type\":\"WebPage\",\"@id\":\"https:\/\/veniceredhouse.com\/it\/dolomiti-experience\/\",\"url\":\"https:\/\/veniceredhouse.com\/it\/dolomiti-experience\/\",\"name\":\"Dai Canali alle Vette: Alla Scoperta delle Maestose Dolomiti - Red House Company\",\"isPartOf\":{\"@id\":\"https:\/\/veniceredhouse.com\/it\/#website\"},\"primaryImageOfPage\":{\"@id\":\"https:\/\/veniceredhouse.com\/it\/dolomiti-experience\/#primaryimage\"},\"image\":{\"@id\":\"https:\/\/veniceredhouse.com\/it\/dolomiti-experience\/#primaryimage\"},\"thumbnailUrl\":\"https:\/\/veniceredhouse.com\/wp-content\/uploads\/2025\/02\/PassoGiau_resized-scaled.jpg\",\"datePublished\":\"2025-02-11T15:18:13+00:00\",\"dateModified\":\"2025-02-12T14:42:09+00:00\",\"breadcrumb\":{\"@id\":\"https:\/\/veniceredhouse.com\/it\/dolomiti-experience\/#breadcrumb\"},\"inLanguage\":\"it-IT\",\"potentialAction\":[{\"@type\":\"ReadAction\",\"target\":[\"https:\/\/veniceredhouse.com\/it\/dolomiti-experience\/\"]}]},{\"@type\":\"ImageObject\",\"inLanguage\":\"it-IT\",\"@id\":\"https:\/\/veniceredhouse.com\/it\/dolomiti-experience\/#primaryimage\",\"url\":\"https:\/\/veniceredhouse.com\/wp-content\/uploads\/2025\/02\/PassoGiau_resized-scaled.jpg\",\"contentUrl\":\"https:\/\/veniceredhouse.com\/wp-content\/uploads\/2025\/02\/PassoGiau_resized-scaled.jpg\",\"width\":1920,\"height\":1280,\"caption\":\"Passo Giau\"},{\"@type\":\"BreadcrumbList\",\"@id\":\"https:\/\/veniceredhouse.com\/it\/dolomiti-experience\/#breadcrumb\",\"itemListElement\":[{\"@type\":\"ListItem\",\"position\":1,\"name\":\"Home\",\"item\":\"https:\/\/veniceredhouse.com\/it\/\"},{\"@type\":\"ListItem\",\"position\":2,\"name\":\"Dai Canali alle Vette: Alla Scoperta delle Maestose Dolomiti\"}]},{\"@type\":\"WebSite\",\"@id\":\"https:\/\/veniceredhouse.com\/it\/#website\",\"url\":\"https:\/\/veniceredhouse.com\/it\/\",\"name\":\"Red House Company\",\"description\":\"Rent Apartments in Venice\",\"publisher\":{\"@id\":\"https:\/\/veniceredhouse.com\/it\/#organization\"},\"potentialAction\":[{\"@type\":\"SearchAction\",\"target\":{\"@type\":\"EntryPoint\",\"urlTemplate\":\"https:\/\/veniceredhouse.com\/it\/?s={search_term_string}\"},\"query-input\":{\"@type\":\"PropertyValueSpecification\",\"valueRequired\":true,\"valueName\":\"search_term_string\"}}],\"inLanguage\":\"it-IT\"},{\"@type\":\"Organization\",\"@id\":\"https:\/\/veniceredhouse.com\/it\/#organization\",\"name\":\"Red House Company\",\"url\":\"https:\/\/veniceredhouse.com\/it\/\",\"logo\":{\"@type\":\"ImageObject\",\"inLanguage\":\"it-IT\",\"@id\":\"https:\/\/veniceredhouse.com\/it\/#\/schema\/logo\/image\/\",\"url\":\"https:\/\/veniceredhouse.com\/wp-content\/uploads\/2019\/07\/Logo_The-Red-House-Company.png\",\"contentUrl\":\"https:\/\/veniceredhouse.com\/wp-content\/uploads\/2019\/07\/Logo_The-Red-House-Company.png\",\"width\":440,\"height\":200,\"caption\":\"Red House Company\"},\"image\":{\"@id\":\"https:\/\/veniceredhouse.com\/it\/#\/schema\/logo\/image\/\"}},{\"@type\":\"Person\",\"@id\":\"https:\/\/veniceredhouse.com\/it\/#\/schema\/person\/21acc1045f2f461ce34ed5825f7bbe5d\",\"name\":\"marco malafante\",\"image\":{\"@type\":\"ImageObject\",\"inLanguage\":\"it-IT\",\"@id\":\"https:\/\/veniceredhouse.com\/it\/#\/schema\/person\/image\/\",\"url\":\"https:\/\/secure.gravatar.com\/avatar\/e14bc2f875fe82dd4f52bb88d4ca9a47?s=96&d=mm&r=g\",\"contentUrl\":\"https:\/\/secure.gravatar.com\/avatar\/e14bc2f875fe82dd4f52bb88d4ca9a47?s=96&d=mm&r=g\",\"caption\":\"marco malafante\"}}]}<\/script>\n<!-- \/ Yoast SEO plugin. -->","yoast_head_json":{"title":"Dai Canali alle Vette: Alla Scoperta delle Maestose Dolomiti - Red House Company","robots":{"index":"index","follow":"follow","max-snippet":"max-snippet:-1","max-image-preview":"max-image-preview:large","max-video-preview":"max-video-preview:-1"},"canonical":"https:\/\/veniceredhouse.com\/it\/dolomiti-experience\/","og_locale":"it_IT","og_type":"article","og_title":"Dai Canali alle Vette: Alla Scoperta delle Maestose Dolomiti - Red House Company","og_description":"Scopri un Volto Inedito di Venezia Venezia \u00e8 straordinaria, ma le sue meraviglie non si fermano alla laguna. A poche ore dalla citt\u00e0 si estendono le Dolomiti, patrimonio mondiale dell\u2019UNESCO, con alcuni dei paesaggi pi\u00f9 spettacolari d\u2019Italia. Vette imponenti, laghi alpini incontaminati e sentieri panoramici fanno di queste montagne la destinazione ideale per chi ama [&hellip;]","og_url":"https:\/\/veniceredhouse.com\/it\/dolomiti-experience\/","og_site_name":"Red House Company","article_published_time":"2025-02-11T15:18:13+00:00","article_modified_time":"2025-02-12T14:42:09+00:00","og_image":[{"width":1920,"height":1280,"url":"https:\/\/veniceredhouse.com\/wp-content\/uploads\/2025\/02\/PassoGiau_resized-scaled.jpg","type":"image\/jpeg"}],"author":"marco malafante","twitter_card":"summary_large_image","twitter_misc":{"Scritto da":"marco malafante","Tempo di lettura stimato":"7 minuti"},"schema":{"@context":"https:\/\/schema.org","@graph":[{"@type":"Article","@id":"https:\/\/veniceredhouse.com\/it\/dolomiti-experience\/#article","isPartOf":{"@id":"https:\/\/veniceredhouse.com\/it\/dolomiti-experience\/"},"author":{"name":"marco malafante","@id":"https:\/\/veniceredhouse.com\/it\/#\/schema\/person\/21acc1045f2f461ce34ed5825f7bbe5d"},"headline":"Dai Canali alle Vette: Alla Scoperta delle Maestose Dolomiti","datePublished":"2025-02-11T15:18:13+00:00","dateModified":"2025-02-12T14:42:09+00:00","mainEntityOfPage":{"@id":"https:\/\/veniceredhouse.com\/it\/dolomiti-experience\/"},"wordCount":1055,"publisher":{"@id":"https:\/\/veniceredhouse.com\/it\/#organization"},"image":{"@id":"https:\/\/veniceredhouse.com\/it\/dolomiti-experience\/#primaryimage"},"thumbnailUrl":"https:\/\/veniceredhouse.com\/wp-content\/uploads\/2025\/02\/PassoGiau_resized-scaled.jpg","articleSection":["Esperienze Autentiche"],"inLanguage":"it-IT"},{"@type":"WebPage","@id":"https:\/\/veniceredhouse.com\/it\/dolomiti-experience\/","url":"https:\/\/veniceredhouse.com\/it\/dolomiti-experience\/","name":"Dai Canali alle Vette: Alla Scoperta delle Maestose Dolomiti - Red House Company","isPartOf":{"@id":"https:\/\/veniceredhouse.com\/it\/#website"},"primaryImageOfPage":{"@id":"https:\/\/veniceredhouse.com\/it\/dolomiti-experience\/#primaryimage"},"image":{"@id":"https:\/\/veniceredhouse.com\/it\/dolomiti-experience\/#primaryimage"},"thumbnailUrl":"https:\/\/veniceredhouse.com\/wp-content\/uploads\/2025\/02\/PassoGiau_resized-scaled.jpg","datePublished":"2025-02-11T15:18:13+00:00","dateModified":"2025-02-12T14:42:09+00:00","breadcrumb":{"@id":"https:\/\/veniceredhouse.com\/it\/dolomiti-experience\/#breadcrumb"},"inLanguage":"it-IT","potentialAction":[{"@type":"ReadAction","target":["https:\/\/veniceredhouse.com\/it\/dolomiti-experience\/"]}]},{"@type":"ImageObject","inLanguage":"it-IT","@id":"https:\/\/veniceredhouse.com\/it\/dolomiti-experience\/#primaryimage","url":"https:\/\/veniceredhouse.com\/wp-content\/uploads\/2025\/02\/PassoGiau_resized-scaled.jpg","contentUrl":"https:\/\/veniceredhouse.com\/wp-content\/uploads\/2025\/02\/PassoGiau_resized-scaled.jpg","width":1920,"height":1280,"caption":"Passo Giau"},{"@type":"BreadcrumbList","@id":"https:\/\/veniceredhouse.com\/it\/dolomiti-experience\/#breadcrumb","itemListElement":[{"@type":"ListItem","position":1,"name":"Home","item":"https:\/\/veniceredhouse.com\/it\/"},{"@type":"ListItem","position":2,"name":"Dai Canali alle Vette: Alla Scoperta delle Maestose Dolomiti"}]},{"@type":"WebSite","@id":"https:\/\/veniceredhouse.com\/it\/#website","url":"https:\/\/veniceredhouse.com\/it\/","name":"Red House Company","description":"Rent Apartments in Venice","publisher":{"@id":"https:\/\/veniceredhouse.com\/it\/#organization"},"potentialAction":[{"@type":"SearchAction","target":{"@type":"EntryPoint","urlTemplate":"https:\/\/veniceredhouse.com\/it\/?s={search_term_string}"},"query-input":{"@type":"PropertyValueSpecification","valueRequired":true,"valueName":"search_term_string"}}],"inLanguage":"it-IT"},{"@type":"Organization","@id":"https:\/\/veniceredhouse.com\/it\/#organization","name":"Red House Company","url":"https:\/\/veniceredhouse.com\/it\/","logo":{"@type":"ImageObject","inLanguage":"it-IT","@id":"https:\/\/veniceredhouse.com\/it\/#\/schema\/logo\/image\/","url":"https:\/\/veniceredhouse.com\/wp-content\/uploads\/2019\/07\/Logo_The-Red-House-Company.png","contentUrl":"https:\/\/veniceredhouse.com\/wp-content\/uploads\/2019\/07\/Logo_The-Red-House-Company.png","width":440,"height":200,"caption":"Red House Company"},"image":{"@id":"https:\/\/veniceredhouse.com\/it\/#\/schema\/logo\/image\/"}},{"@type":"Person","@id":"https:\/\/veniceredhouse.com\/it\/#\/schema\/person\/21acc1045f2f461ce34ed5825f7bbe5d","name":"marco malafante","image":{"@type":"ImageObject","inLanguage":"it-IT","@id":"https:\/\/veniceredhouse.com\/it\/#\/schema\/person\/image\/","url":"https:\/\/secure.gravatar.com\/avatar\/e14bc2f875fe82dd4f52bb88d4ca9a47?s=96&d=mm&r=g","contentUrl":"https:\/\/secure.gravatar.com\/avatar\/e14bc2f875fe82dd4f52bb88d4ca9a47?s=96&d=mm&r=g","caption":"marco malafante"}}]}},"_links":{"self":[{"href":"https:\/\/veniceredhouse.com\/it\/wp-json\/wp\/v2\/posts\/28420"}],"collection":[{"href":"https:\/\/veniceredhouse.com\/it\/wp-json\/wp\/v2\/posts"}],"about":[{"href":"https:\/\/veniceredhouse.com\/it\/wp-json\/wp\/v2\/types\/post"}],"author":[{"embeddable":true,"href":"https:\/\/veniceredhouse.com\/it\/wp-json\/wp\/v2\/users\/9"}],"replies":[{"embeddable":true,"href":"https:\/\/veniceredhouse.com\/it\/wp-json\/wp\/v2\/comments?post=28420"}],"version-history":[{"count":1,"href":"https:\/\/veniceredhouse.com\/it\/wp-json\/wp\/v2\/posts\/28420\/revisions"}],"predecessor-version":[{"id":28422,"href":"https:\/\/veniceredhouse.com\/it\/wp-json\/wp\/v2\/posts\/28420\/revisions\/28422"}],"wp:featuredmedia":[{"embeddable":true,"href":"https:\/\/veniceredhouse.com\/it\/wp-json\/wp\/v2\/media\/28279"}],"wp:attachment":[{"href":"https:\/\/veniceredhouse.com\/it\/wp-json\/wp\/v2\/media?parent=28420"}],"wp:term":[{"taxonomy":"category","embeddable":true,"href":"https:\/\/veniceredhouse.com\/it\/wp-json\/wp\/v2\/categories?post=28420"},{"taxonomy":"post_tag","embeddable":true,"href":"https:\/\/veniceredhouse.com\/it\/wp-json\/wp\/v2\/tags?post=28420"}],"curies":[{"name":"wp","href":"https:\/\/api.w.org\/{rel}","templated":true}]}}