{"id":29868,"date":"2025-05-12T12:01:25","date_gmt":"2025-05-12T10:01:25","guid":{"rendered":"https:\/\/veniceredhouse.com\/la-festa-della-sensa\/"},"modified":"2025-05-12T14:01:05","modified_gmt":"2025-05-12T12:01:05","slug":"la-sensa-le-jour-ou-venise-epouse-la-mer","status":"publish","type":"post","link":"https:\/\/veniceredhouse.com\/fr\/la-sensa-le-jour-ou-venise-epouse-la-mer\/","title":{"rendered":"La Sensa: le jour o\u00f9 Venise \u00e9pouse la mer"},"content":{"rendered":"\n<p>Il est des moments, \u00e0 Venise, o\u00f9 le pass\u00e9 refait surface. Non pas comme un souvenir, mais comme un geste vivant, solennel, qui se d\u00e9roule sous les yeux de ceux qui savent encore regarder. L\u2019un de ces moments est la <strong>F\u00eate de la Sensa<\/strong>, c\u00e9l\u00e9br\u00e9e chaque ann\u00e9e le jour de l\u2019Ascension, lorsque la ville renouvelle l\u2019un de ses rites les plus anciens et les plus symboliques: <strong>son mariage mystique avec la mer<\/strong>.<\/p>\n\n\n\n<div style=\"height:30px\" aria-hidden=\"true\" class=\"wp-block-spacer\"><\/div>\n\n\n\n<h2 class=\"wp-block-heading\">Une tradition mill\u00e9naire<\/h2>\n\n\n\n<p>Nous sommes en l\u2019an 1000. Le doge Pietro II Orseolo part en mer \u00e0 la t\u00eate d\u2019une flotte v\u00e9nitienne pour secourir les populations chr\u00e9tiennes de Dalmatie, menac\u00e9es par les incursions slaves. Cette exp\u00e9dition n\u2019est pas seulement militaire: c\u2019est un acte politique, qui affirme la domination croissante de Venise sur l\u2019Adriatique.<\/p>\n\n\n\n<p>Pr\u00e8s de deux si\u00e8cles plus tard, en 1177, un autre doge \u2013 Sebastiano Ziani \u2013 accueille \u00e0 Venise le pape Alexandre III et l\u2019empereur Fr\u00e9d\u00e9ric Barberousse. Apr\u00e8s des ann\u00e9es de conflits, une paix historique est sign\u00e9e dans la cit\u00e9 lagunaire. En signe de reconnaissance, le pape offre au doge <strong>un anneau d\u2019or<\/strong>, symbole de l\u2019union \u00e9ternelle entre Venise et la mer.<\/p>\n\n\n\n<p>C\u2019est \u00e0 partir de ces deux \u00e9pisodes que na\u00eet un rituel que Venise perp\u00e9tue chaque ann\u00e9e depuis lors: <strong>les Noces de la Mer<\/strong>.<\/p>\n\n\n\n<div style=\"height:30px\" aria-hidden=\"true\" class=\"wp-block-spacer\"><\/div>\n\n\n\n<h2 class=\"wp-block-heading\">Un rite de la S\u00e9r\u00e9nissime<\/h2>\n\n\n\n<p>Le geste est simple, mais porteur d\u2019une immense signification: <strong>un anneau d\u2019or jet\u00e9 dans la mer<\/strong>, accompagn\u00e9 de la formule latine: <\/p>\n\n\n\n<p><em>\u00ab Desponsamus te, mare. In signum veri perpetuique dominii \u00bb<\/em><\/p>\n\n\n\n<p><em>\u00ab Nous t\u2019\u00e9pousons, \u00f4 mer, en signe de domination v\u00e9ritable et perp\u00e9tuelle \u00bb<\/em>.<\/p>\n\n\n\n<p>\u00c0 l\u2019\u00e9poque de la R\u00e9publique, le protagoniste \u00e9tait le doge en personne. V\u00eatu de son manteau dor\u00e9, coiff\u00e9 du corno ducal, il montait \u00e0 bord du somptueux <strong>Bucintoro<\/strong>, la gal\u00e8re d\u2019apparat de l\u2019\u00c9tat, et menait une procession fastueuse depuis le bassin de Saint-Marc jusqu\u2019au Lido. L\u00e0, \u00e0 l\u2019entr\u00e9e de la lagune, se d\u00e9roulait la c\u00e9r\u00e9monie: une messe, la b\u00e9n\u00e9diction des eaux, un rameau d\u2019olivier tremp\u00e9 dans l\u2019eau b\u00e9nite, puis, enfin, l\u2019anneau jet\u00e9 aux flots.<\/p>\n\n\n\n<p>Un geste qui unissait pouvoir et foi, politique et spiritualit\u00e9. Mais surtout, une d\u00e9claration d\u2019amour, et d\u2019appartenance, \u00e0 cette mer qui a toujours nourri, prot\u00e9g\u00e9 et inspir\u00e9 Venise. mare, Venezia non sarebbe mai nata. E senza il mare, non sarebbe mai diventata Venezia.<\/p>\n\n\n\n<div style=\"height:30px\" aria-hidden=\"true\" class=\"wp-block-spacer\"><\/div>\n\n\n\n<h2 class=\"wp-block-heading\">La Sensa aujourd\u2019hui<\/h2>\n\n\n\n<p>Beaucoup de choses ont chang\u00e9, mais l\u2019\u00e2me de la f\u00eate reste intacte. Aujourd\u2019hui, c\u2019est la ville elle-m\u00eame qui fait revivre la tradition. Le <strong>Comit\u00e9 de la F\u00eate de la Sensa<\/strong>, avec le soutien des <strong>Associations de rame v\u00e9nitienne<\/strong>, organise chaque ann\u00e9e une reconstitution fid\u00e8le de cette c\u00e9l\u00e9bration.<\/p>\n\n\n\n<p>La procession d\u00e9bute toujours au c\u0153ur du bassin de Saint-Marc. En t\u00eate, la <strong>Serenissima<\/strong>, une embarcation d\u2019apparat qui remplace aujourd\u2019hui le Bucintoro, embarque les autorit\u00e9s de la ville. Derri\u00e8re elle, <strong>des dizaines de barques traditionnelles \u00e0 rames<\/strong>, men\u00e9es par des rameurs en costume d\u2019\u00e9poque, glissent lentement sur l\u2019eau.<\/p>\n\n\n\n<p>C\u2019est une Venise qui se regarde en face et se reconna\u00eet. Une ville qui ne se raconte pas \u00e0 travers les mots, mais \u00e0 travers les gestes: lents, mesur\u00e9s, pleins de m\u00e9moire. Aucun spectacle, aucun artifice. Juste un rite ancien qui continue d\u2019exister parce qu\u2019il a encore un sens.<\/p>\n\n\n\n<div style=\"height:30px\" aria-hidden=\"true\" class=\"wp-block-spacer\"><\/div>\n\n\n\n<h2 class=\"wp-block-heading\">Un rendez-vous intime avec Venise<\/h2>\n\n\n\n<p>Pour ceux qui visitent Venise, assister \u00e0 la Sensa est un privil\u00e8ge rare. Ce n\u2019est pas un \u00e9v\u00e9nement affich\u00e9 sur les affiches touristiques ou programm\u00e9 dans les circuits classiques: c\u2019est <strong>une c\u00e9l\u00e9bration intime, port\u00e9e par ceux qui aiment profond\u00e9ment leur ville<\/strong>, un secret que l\u2019on partage avec discr\u00e9tion.<\/p>\n\n\n\n<p><strong>Notre conseil?<\/strong> Levez-vous t\u00f4t. Gagnez les quais du bassin de Saint-Marc ou du Lido. \u00c9coutez le clapotis des rames, regardez les embarcations surgir lentement, lisez dans les visages la fiert\u00e9 tranquille de ceux qui savent d\u2019o\u00f9 ils viennent. Et lorsque l\u2019anneau touchera enfin la mer, laissez-vous traverser par une pens\u00e9e douce et simple: <strong>\u00e0 Venise, parfois, le temps peut vraiment s\u2019arr\u00eater<\/strong>.<\/p>\n\n\n\n<p><\/p>\n","protected":false},"excerpt":{"rendered":"<p>Il est des moments, \u00e0 Venise, o\u00f9 le pass\u00e9 refait surface. Non pas comme un souvenir, mais comme un geste vivant, solennel, qui se d\u00e9roule sous les yeux de ceux qui savent encore regarder. L\u2019un de ces moments est la F\u00eate de la Sensa, c\u00e9l\u00e9br\u00e9e chaque ann\u00e9e le jour de l\u2019Ascension, lorsque la ville renouvelle [&hellip;]<\/p>\n","protected":false},"author":9,"featured_media":29863,"comment_status":"closed","ping_status":"closed","sticky":false,"template":"","format":"standard","meta":{"inline_featured_image":false,"_genesis_hide_title":false,"_genesis_hide_breadcrumbs":false,"_genesis_hide_singular_image":false,"_genesis_hide_footer_widgets":false,"_genesis_custom_body_class":"","_genesis_custom_post_class":"","_genesis_layout":"","footnotes":""},"categories":[88,35],"tags":[],"class_list":{"0":"post-29868","1":"post","2":"type-post","3":"status-publish","4":"format-standard","5":"has-post-thumbnail","7":"category-manifestations-et-culture","8":"category-our-venice-fr","9":"entry"},"yoast_head":"<!-- This site is optimized with the Yoast SEO plugin v25.4 - https:\/\/yoast.com\/wordpress\/plugins\/seo\/ -->\n<title>La Sensa: le jour o\u00f9 Venise \u00e9pouse la mer - Red House Company<\/title>\n<meta name=\"robots\" content=\"index, follow, max-snippet:-1, max-image-preview:large, max-video-preview:-1\" \/>\n<link rel=\"canonical\" href=\"https:\/\/veniceredhouse.com\/fr\/la-sensa-le-jour-ou-venise-epouse-la-mer\/\" \/>\n<meta property=\"og:locale\" content=\"fr_FR\" \/>\n<meta property=\"og:type\" content=\"article\" \/>\n<meta property=\"og:title\" content=\"La Sensa: le jour o\u00f9 Venise \u00e9pouse la mer - Red House Company\" \/>\n<meta property=\"og:description\" content=\"Il est des moments, \u00e0 Venise, o\u00f9 le pass\u00e9 refait surface. Non pas comme un souvenir, mais comme un geste vivant, solennel, qui se d\u00e9roule sous les yeux de ceux qui savent encore regarder. L\u2019un de ces moments est la F\u00eate de la Sensa, c\u00e9l\u00e9br\u00e9e chaque ann\u00e9e le jour de l\u2019Ascension, lorsque la ville renouvelle [&hellip;]\" \/>\n<meta property=\"og:url\" content=\"https:\/\/veniceredhouse.com\/fr\/la-sensa-le-jour-ou-venise-epouse-la-mer\/\" \/>\n<meta property=\"og:site_name\" content=\"Red House Company\" \/>\n<meta property=\"article:published_time\" content=\"2025-05-12T10:01:25+00:00\" \/>\n<meta property=\"article:modified_time\" content=\"2025-05-12T12:01:05+00:00\" \/>\n<meta property=\"og:image\" content=\"https:\/\/veniceredhouse.com\/wp-content\/uploads\/2025\/05\/Festa_della_sensa.jpg\" \/>\n\t<meta property=\"og:image:width\" content=\"2048\" \/>\n\t<meta property=\"og:image:height\" content=\"1362\" \/>\n\t<meta property=\"og:image:type\" content=\"image\/jpeg\" \/>\n<meta name=\"author\" content=\"marco malafante\" \/>\n<meta name=\"twitter:card\" content=\"summary_large_image\" \/>\n<meta name=\"twitter:label1\" content=\"\u00c9crit par\" \/>\n\t<meta name=\"twitter:data1\" content=\"marco malafante\" \/>\n\t<meta name=\"twitter:label2\" content=\"Dur\u00e9e de lecture estim\u00e9e\" \/>\n\t<meta name=\"twitter:data2\" content=\"3 minutes\" \/>\n<script type=\"application\/ld+json\" class=\"yoast-schema-graph\">{\"@context\":\"https:\/\/schema.org\",\"@graph\":[{\"@type\":\"Article\",\"@id\":\"https:\/\/veniceredhouse.com\/fr\/la-sensa-le-jour-ou-venise-epouse-la-mer\/#article\",\"isPartOf\":{\"@id\":\"https:\/\/veniceredhouse.com\/fr\/la-sensa-le-jour-ou-venise-epouse-la-mer\/\"},\"author\":{\"name\":\"marco malafante\",\"@id\":\"https:\/\/veniceredhouse.com\/fr\/#\/schema\/person\/21acc1045f2f461ce34ed5825f7bbe5d\"},\"headline\":\"La Sensa: le jour o\u00f9 Venise \u00e9pouse la mer\",\"datePublished\":\"2025-05-12T10:01:25+00:00\",\"dateModified\":\"2025-05-12T12:01:05+00:00\",\"mainEntityOfPage\":{\"@id\":\"https:\/\/veniceredhouse.com\/fr\/la-sensa-le-jour-ou-venise-epouse-la-mer\/\"},\"wordCount\":730,\"publisher\":{\"@id\":\"https:\/\/veniceredhouse.com\/fr\/#organization\"},\"image\":{\"@id\":\"https:\/\/veniceredhouse.com\/fr\/la-sensa-le-jour-ou-venise-epouse-la-mer\/#primaryimage\"},\"thumbnailUrl\":\"https:\/\/veniceredhouse.com\/wp-content\/uploads\/2025\/05\/Festa_della_sensa.jpg\",\"articleSection\":[\"Manifestations et culture\",\"Our Venice\"],\"inLanguage\":\"fr-FR\"},{\"@type\":\"WebPage\",\"@id\":\"https:\/\/veniceredhouse.com\/fr\/la-sensa-le-jour-ou-venise-epouse-la-mer\/\",\"url\":\"https:\/\/veniceredhouse.com\/fr\/la-sensa-le-jour-ou-venise-epouse-la-mer\/\",\"name\":\"La Sensa: le jour o\u00f9 Venise \u00e9pouse la mer - Red House Company\",\"isPartOf\":{\"@id\":\"https:\/\/veniceredhouse.com\/fr\/#website\"},\"primaryImageOfPage\":{\"@id\":\"https:\/\/veniceredhouse.com\/fr\/la-sensa-le-jour-ou-venise-epouse-la-mer\/#primaryimage\"},\"image\":{\"@id\":\"https:\/\/veniceredhouse.com\/fr\/la-sensa-le-jour-ou-venise-epouse-la-mer\/#primaryimage\"},\"thumbnailUrl\":\"https:\/\/veniceredhouse.com\/wp-content\/uploads\/2025\/05\/Festa_della_sensa.jpg\",\"datePublished\":\"2025-05-12T10:01:25+00:00\",\"dateModified\":\"2025-05-12T12:01:05+00:00\",\"breadcrumb\":{\"@id\":\"https:\/\/veniceredhouse.com\/fr\/la-sensa-le-jour-ou-venise-epouse-la-mer\/#breadcrumb\"},\"inLanguage\":\"fr-FR\",\"potentialAction\":[{\"@type\":\"ReadAction\",\"target\":[\"https:\/\/veniceredhouse.com\/fr\/la-sensa-le-jour-ou-venise-epouse-la-mer\/\"]}]},{\"@type\":\"ImageObject\",\"inLanguage\":\"fr-FR\",\"@id\":\"https:\/\/veniceredhouse.com\/fr\/la-sensa-le-jour-ou-venise-epouse-la-mer\/#primaryimage\",\"url\":\"https:\/\/veniceredhouse.com\/wp-content\/uploads\/2025\/05\/Festa_della_sensa.jpg\",\"contentUrl\":\"https:\/\/veniceredhouse.com\/wp-content\/uploads\/2025\/05\/Festa_della_sensa.jpg\",\"width\":1920,\"height\":1277},{\"@type\":\"BreadcrumbList\",\"@id\":\"https:\/\/veniceredhouse.com\/fr\/la-sensa-le-jour-ou-venise-epouse-la-mer\/#breadcrumb\",\"itemListElement\":[{\"@type\":\"ListItem\",\"position\":1,\"name\":\"Home\",\"item\":\"https:\/\/veniceredhouse.com\/fr\/\"},{\"@type\":\"ListItem\",\"position\":2,\"name\":\"La Sensa: le jour o\u00f9 Venise \u00e9pouse la mer\"}]},{\"@type\":\"WebSite\",\"@id\":\"https:\/\/veniceredhouse.com\/fr\/#website\",\"url\":\"https:\/\/veniceredhouse.com\/fr\/\",\"name\":\"Red House Company\",\"description\":\"Rent Apartments in Venice\",\"publisher\":{\"@id\":\"https:\/\/veniceredhouse.com\/fr\/#organization\"},\"potentialAction\":[{\"@type\":\"SearchAction\",\"target\":{\"@type\":\"EntryPoint\",\"urlTemplate\":\"https:\/\/veniceredhouse.com\/fr\/?s={search_term_string}\"},\"query-input\":{\"@type\":\"PropertyValueSpecification\",\"valueRequired\":true,\"valueName\":\"search_term_string\"}}],\"inLanguage\":\"fr-FR\"},{\"@type\":\"Organization\",\"@id\":\"https:\/\/veniceredhouse.com\/fr\/#organization\",\"name\":\"Red House Company\",\"url\":\"https:\/\/veniceredhouse.com\/fr\/\",\"logo\":{\"@type\":\"ImageObject\",\"inLanguage\":\"fr-FR\",\"@id\":\"https:\/\/veniceredhouse.com\/fr\/#\/schema\/logo\/image\/\",\"url\":\"https:\/\/veniceredhouse.com\/wp-content\/uploads\/2019\/07\/Logo_The-Red-House-Company.png\",\"contentUrl\":\"https:\/\/veniceredhouse.com\/wp-content\/uploads\/2019\/07\/Logo_The-Red-House-Company.png\",\"width\":440,\"height\":200,\"caption\":\"Red House Company\"},\"image\":{\"@id\":\"https:\/\/veniceredhouse.com\/fr\/#\/schema\/logo\/image\/\"}},{\"@type\":\"Person\",\"@id\":\"https:\/\/veniceredhouse.com\/fr\/#\/schema\/person\/21acc1045f2f461ce34ed5825f7bbe5d\",\"name\":\"marco malafante\",\"image\":{\"@type\":\"ImageObject\",\"inLanguage\":\"fr-FR\",\"@id\":\"https:\/\/veniceredhouse.com\/fr\/#\/schema\/person\/image\/\",\"url\":\"https:\/\/secure.gravatar.com\/avatar\/e14bc2f875fe82dd4f52bb88d4ca9a47?s=96&d=mm&r=g\",\"contentUrl\":\"https:\/\/secure.gravatar.com\/avatar\/e14bc2f875fe82dd4f52bb88d4ca9a47?s=96&d=mm&r=g\",\"caption\":\"marco malafante\"}}]}<\/script>\n<!-- \/ Yoast SEO plugin. -->","yoast_head_json":{"title":"La Sensa: le jour o\u00f9 Venise \u00e9pouse la mer - Red House Company","robots":{"index":"index","follow":"follow","max-snippet":"max-snippet:-1","max-image-preview":"max-image-preview:large","max-video-preview":"max-video-preview:-1"},"canonical":"https:\/\/veniceredhouse.com\/fr\/la-sensa-le-jour-ou-venise-epouse-la-mer\/","og_locale":"fr_FR","og_type":"article","og_title":"La Sensa: le jour o\u00f9 Venise \u00e9pouse la mer - Red House Company","og_description":"Il est des moments, \u00e0 Venise, o\u00f9 le pass\u00e9 refait surface. Non pas comme un souvenir, mais comme un geste vivant, solennel, qui se d\u00e9roule sous les yeux de ceux qui savent encore regarder. L\u2019un de ces moments est la F\u00eate de la Sensa, c\u00e9l\u00e9br\u00e9e chaque ann\u00e9e le jour de l\u2019Ascension, lorsque la ville renouvelle [&hellip;]","og_url":"https:\/\/veniceredhouse.com\/fr\/la-sensa-le-jour-ou-venise-epouse-la-mer\/","og_site_name":"Red House Company","article_published_time":"2025-05-12T10:01:25+00:00","article_modified_time":"2025-05-12T12:01:05+00:00","og_image":[{"width":2048,"height":1362,"url":"https:\/\/veniceredhouse.com\/wp-content\/uploads\/2025\/05\/Festa_della_sensa.jpg","type":"image\/jpeg"}],"author":"marco malafante","twitter_card":"summary_large_image","twitter_misc":{"\u00c9crit par":"marco malafante","Dur\u00e9e de lecture estim\u00e9e":"3 minutes"},"schema":{"@context":"https:\/\/schema.org","@graph":[{"@type":"Article","@id":"https:\/\/veniceredhouse.com\/fr\/la-sensa-le-jour-ou-venise-epouse-la-mer\/#article","isPartOf":{"@id":"https:\/\/veniceredhouse.com\/fr\/la-sensa-le-jour-ou-venise-epouse-la-mer\/"},"author":{"name":"marco malafante","@id":"https:\/\/veniceredhouse.com\/fr\/#\/schema\/person\/21acc1045f2f461ce34ed5825f7bbe5d"},"headline":"La Sensa: le jour o\u00f9 Venise \u00e9pouse la mer","datePublished":"2025-05-12T10:01:25+00:00","dateModified":"2025-05-12T12:01:05+00:00","mainEntityOfPage":{"@id":"https:\/\/veniceredhouse.com\/fr\/la-sensa-le-jour-ou-venise-epouse-la-mer\/"},"wordCount":730,"publisher":{"@id":"https:\/\/veniceredhouse.com\/fr\/#organization"},"image":{"@id":"https:\/\/veniceredhouse.com\/fr\/la-sensa-le-jour-ou-venise-epouse-la-mer\/#primaryimage"},"thumbnailUrl":"https:\/\/veniceredhouse.com\/wp-content\/uploads\/2025\/05\/Festa_della_sensa.jpg","articleSection":["Manifestations et culture","Our Venice"],"inLanguage":"fr-FR"},{"@type":"WebPage","@id":"https:\/\/veniceredhouse.com\/fr\/la-sensa-le-jour-ou-venise-epouse-la-mer\/","url":"https:\/\/veniceredhouse.com\/fr\/la-sensa-le-jour-ou-venise-epouse-la-mer\/","name":"La Sensa: le jour o\u00f9 Venise \u00e9pouse la mer - Red House Company","isPartOf":{"@id":"https:\/\/veniceredhouse.com\/fr\/#website"},"primaryImageOfPage":{"@id":"https:\/\/veniceredhouse.com\/fr\/la-sensa-le-jour-ou-venise-epouse-la-mer\/#primaryimage"},"image":{"@id":"https:\/\/veniceredhouse.com\/fr\/la-sensa-le-jour-ou-venise-epouse-la-mer\/#primaryimage"},"thumbnailUrl":"https:\/\/veniceredhouse.com\/wp-content\/uploads\/2025\/05\/Festa_della_sensa.jpg","datePublished":"2025-05-12T10:01:25+00:00","dateModified":"2025-05-12T12:01:05+00:00","breadcrumb":{"@id":"https:\/\/veniceredhouse.com\/fr\/la-sensa-le-jour-ou-venise-epouse-la-mer\/#breadcrumb"},"inLanguage":"fr-FR","potentialAction":[{"@type":"ReadAction","target":["https:\/\/veniceredhouse.com\/fr\/la-sensa-le-jour-ou-venise-epouse-la-mer\/"]}]},{"@type":"ImageObject","inLanguage":"fr-FR","@id":"https:\/\/veniceredhouse.com\/fr\/la-sensa-le-jour-ou-venise-epouse-la-mer\/#primaryimage","url":"https:\/\/veniceredhouse.com\/wp-content\/uploads\/2025\/05\/Festa_della_sensa.jpg","contentUrl":"https:\/\/veniceredhouse.com\/wp-content\/uploads\/2025\/05\/Festa_della_sensa.jpg","width":1920,"height":1277},{"@type":"BreadcrumbList","@id":"https:\/\/veniceredhouse.com\/fr\/la-sensa-le-jour-ou-venise-epouse-la-mer\/#breadcrumb","itemListElement":[{"@type":"ListItem","position":1,"name":"Home","item":"https:\/\/veniceredhouse.com\/fr\/"},{"@type":"ListItem","position":2,"name":"La Sensa: le jour o\u00f9 Venise \u00e9pouse la mer"}]},{"@type":"WebSite","@id":"https:\/\/veniceredhouse.com\/fr\/#website","url":"https:\/\/veniceredhouse.com\/fr\/","name":"Red House Company","description":"Rent Apartments in Venice","publisher":{"@id":"https:\/\/veniceredhouse.com\/fr\/#organization"},"potentialAction":[{"@type":"SearchAction","target":{"@type":"EntryPoint","urlTemplate":"https:\/\/veniceredhouse.com\/fr\/?s={search_term_string}"},"query-input":{"@type":"PropertyValueSpecification","valueRequired":true,"valueName":"search_term_string"}}],"inLanguage":"fr-FR"},{"@type":"Organization","@id":"https:\/\/veniceredhouse.com\/fr\/#organization","name":"Red House Company","url":"https:\/\/veniceredhouse.com\/fr\/","logo":{"@type":"ImageObject","inLanguage":"fr-FR","@id":"https:\/\/veniceredhouse.com\/fr\/#\/schema\/logo\/image\/","url":"https:\/\/veniceredhouse.com\/wp-content\/uploads\/2019\/07\/Logo_The-Red-House-Company.png","contentUrl":"https:\/\/veniceredhouse.com\/wp-content\/uploads\/2019\/07\/Logo_The-Red-House-Company.png","width":440,"height":200,"caption":"Red House Company"},"image":{"@id":"https:\/\/veniceredhouse.com\/fr\/#\/schema\/logo\/image\/"}},{"@type":"Person","@id":"https:\/\/veniceredhouse.com\/fr\/#\/schema\/person\/21acc1045f2f461ce34ed5825f7bbe5d","name":"marco malafante","image":{"@type":"ImageObject","inLanguage":"fr-FR","@id":"https:\/\/veniceredhouse.com\/fr\/#\/schema\/person\/image\/","url":"https:\/\/secure.gravatar.com\/avatar\/e14bc2f875fe82dd4f52bb88d4ca9a47?s=96&d=mm&r=g","contentUrl":"https:\/\/secure.gravatar.com\/avatar\/e14bc2f875fe82dd4f52bb88d4ca9a47?s=96&d=mm&r=g","caption":"marco malafante"}}]}},"_links":{"self":[{"href":"https:\/\/veniceredhouse.com\/fr\/wp-json\/wp\/v2\/posts\/29868"}],"collection":[{"href":"https:\/\/veniceredhouse.com\/fr\/wp-json\/wp\/v2\/posts"}],"about":[{"href":"https:\/\/veniceredhouse.com\/fr\/wp-json\/wp\/v2\/types\/post"}],"author":[{"embeddable":true,"href":"https:\/\/veniceredhouse.com\/fr\/wp-json\/wp\/v2\/users\/9"}],"replies":[{"embeddable":true,"href":"https:\/\/veniceredhouse.com\/fr\/wp-json\/wp\/v2\/comments?post=29868"}],"version-history":[{"count":3,"href":"https:\/\/veniceredhouse.com\/fr\/wp-json\/wp\/v2\/posts\/29868\/revisions"}],"predecessor-version":[{"id":29872,"href":"https:\/\/veniceredhouse.com\/fr\/wp-json\/wp\/v2\/posts\/29868\/revisions\/29872"}],"wp:featuredmedia":[{"embeddable":true,"href":"https:\/\/veniceredhouse.com\/fr\/wp-json\/wp\/v2\/media\/29863"}],"wp:attachment":[{"href":"https:\/\/veniceredhouse.com\/fr\/wp-json\/wp\/v2\/media?parent=29868"}],"wp:term":[{"taxonomy":"category","embeddable":true,"href":"https:\/\/veniceredhouse.com\/fr\/wp-json\/wp\/v2\/categories?post=29868"},{"taxonomy":"post_tag","embeddable":true,"href":"https:\/\/veniceredhouse.com\/fr\/wp-json\/wp\/v2\/tags?post=29868"}],"curies":[{"name":"wp","href":"https:\/\/api.w.org\/{rel}","templated":true}]}}